{"id":6965,"date":"2021-05-18T10:06:46","date_gmt":"2021-05-18T13:06:46","guid":{"rendered":"http:\/\/nubesmgzdigital.com.ar\/?p=6965"},"modified":"2021-05-18T10:06:48","modified_gmt":"2021-05-18T13:06:48","slug":"fitur-2021-argentina-regresa-a-la-presencialidad-de-las-ferias-en-espana","status":"publish","type":"post","link":"https:\/\/nubesmgzdigital.com.ar\/index.php\/2021\/05\/18\/fitur-2021-argentina-regresa-a-la-presencialidad-de-las-ferias-en-espana\/","title":{"rendered":"FITUR 2021: ARGENTINA REGRESA A LA PRESENCIALIDAD DE LAS FERIAS EN ESPA\u00d1A"},"content":{"rendered":"\n<p><strong>Con una delegaci\u00f3n liderada por el ministro de Turismo y Deportes, Mat\u00edas Lammens, y el secretario ejecutivo de INPROTUR, Ricardo Sosa, el pa\u00eds se presentar\u00e1 en uno de los principales encuentros tur\u00edsticos del mundo en b\u00fasqueda de atraer la inversi\u00f3n extranjera post pandemia y con el objetivo de mostrarse como un destino confiable en materia de bioseguridad.<\/strong><\/p>\n\n\n\n<p>Argentina est\u00e1 de vuelta en las ferias internacionales con un objetivo mayor a la de a\u00f1os anteriores: atraer negocios e inversi\u00f3n de extranjeros al pa\u00eds de cara a la post pandemia y reactivar el sector mediante las reuniones y encuentros con los empresarios m\u00e1s importantes de Espa\u00f1a y resto de Europa.&nbsp;<\/p>\n\n\n\n<p>Tras m\u00e1s de un a\u00f1o sin presencia f\u00edsica, producto de las dificultades sanitarias generadas por la presente pandemia, el pa\u00eds, a trav\u00e9s del&nbsp;<strong>Instituto Nacional de Promoci\u00f3n Tur\u00edstica (INPROTUR)<\/strong>, asistir\u00e1 a la&nbsp;<strong>41\u00aa edici\u00f3n de la Feria Internacional de Turismo FITUR<\/strong>, a desarrollarse del 19 al 23 de mayo en Madrid, Espa\u00f1a.<\/p>\n\n\n\n<p>La reducida comitiva argentina, que estar\u00e1 encabezada por el ministro de Turismo y Deportes,&nbsp;<strong>Mat\u00edas Lammens<\/strong>, y el secretario ejecutivo de INPROTUR,&nbsp;<strong>Ricardo Sosa<\/strong>, adem\u00e1s buscar\u00e1 transmitirle al mundo tur\u00edstico el extenso y minucioso trabajo que el pa\u00eds lleva adelante en pos de volver a recibir a la comunidad viajera internacional.<\/p>\n\n\n\n<p><em>\u201cEl mundo ya est\u00e1 pensando en el escenario post pandemia y tenemos la responsabilidad de trabajar para la reactivaci\u00f3n y el \u2018d\u00eda despu\u00e9s\u2019 de un sector estrat\u00e9gico para la econom\u00eda nacional. La previsibilidad que otorga el proceso de vacunaci\u00f3n nos permite planificar lo que viene y pensar en posicionar a nuestro pa\u00eds como uno de los destinos m\u00e1s fuertes del continente. Por eso vamos a Madrid con expectativa; nos reuniremos con las principales agencias del mundo para potenciar el destino Argentina, con l\u00edneas a\u00e9reas para incrementar la conectividad y con las grandes cadenas de hoteles e inversores del sector para mostrarles la conveniencia de que elijan nuestro pa\u00eds como destino de sus proyectos. Adem\u00e1s, tendremos reuniones con nuestros pares de Brasil, Colombia, Espa\u00f1a, M\u00e9xico y Per\u00fa. El turismo va a ser uno de los grandes motores del desarrollo econ\u00f3mico de la Argentina post pandemia\u201d<\/em>, asegur\u00f3 Lammens.&nbsp;&nbsp;<\/p>\n\n\n\n<p>Por su parte, Sosa destac\u00f3 que&nbsp;<em>\u201cla posibilidad de volver a esta feria tan importante nos servir\u00e1, entre otros objetivos, para informar la gran tarea que se hizo en cuanto a bioseguridad, con m\u00e1s de una decena de protocolos sanitarios en distintos idiomas, para que el pa\u00eds est\u00e9 preparado con las mejores condiciones para volver a recibir a los y las turistas del mundo\u201d<\/em>.<\/p>\n\n\n\n<p>FITUR es la feria de turismo m\u00e1s grande de Espa\u00f1a y una de las m\u00e1s importantes del mundo. Sus \u00faltimas estad\u00edsticas as\u00ed lo confirman: alrededor de 260 mil participantes, 150 mil profesionales, 11 mil empresas expositoras y 165 pa\u00edses se re\u00fanen durante cinco jornadas en el predio ferial IFEMA de la capital espa\u00f1ola con el fin de generar negocios y oportunidades de desarrollo tur\u00edstico.<\/p>\n\n\n\n<p>A lo largo del \u00faltimo a\u00f1o, Argentina logr\u00f3 importantes resultados a la hora de pensar en el turismo del futuro. Uno de ellos fue la obtenci\u00f3n del&nbsp;sello&nbsp;Safe Travels, otorgado por el Consejo Mundial de Viajes y Turismo (WTTC). Actualmente, 23 provincias argentinas, m\u00e1s de 250 municipios y m\u00e1s de 3 mil empresas ya recibieron el sello.<\/p>\n\n\n\n<p>A su vez, el equipo nacional comunicar\u00e1 el buen posicionamiento que presenta el pa\u00eds en el marco del turismo post pandemia. Con 49 \u00e1reas protegidas -36 de ellas son Parques Nacionales- el territorio argentino re\u00fane las condiciones ideales para vivir a pleno la naturaleza y asegurar el distanciamiento social.<\/p>\n\n\n\n<p>El liderazgo en la regi\u00f3n dentro del Turismo MICE, el avance permanente del Turismo LGBTQ, diferentes activaciones en la capital espa\u00f1ola y el desarrollo de productos tur\u00edsticos como el Golf tambi\u00e9n ser\u00e1n parte de un amplio abanico de propuestas.<\/p>\n\n\n\n<p>&nbsp;Al ministerio de Turismo y Deportes y al INPROTUR los acompa\u00f1ar\u00e1n organismos, entidades, Aerol\u00edneas Argentinas y empresas privadas convocadas por la C\u00e1mara Argentina de Turismo que tendr\u00e1n reuniones de negocios y presentaciones destinadas a profesionales y prensa especializada.<\/p>\n\n\n\n<p><strong>Perfil del turista espa\u00f1ol<\/strong><\/p>\n\n\n\n<p>Argentina recibi\u00f3 en 2019 \u2013antes de la pandemia- m\u00e1s de 970 mil turistas desde Europa, de los cuales, m\u00e1s de 215 mil fueron viajeros espa\u00f1oles, por lo que el mercado Espa\u00f1a ocup\u00f3, una vez m\u00e1s, el primer puesto en el ranking de llegadas de turistas europeos a la Argentina y el s\u00e9ptimo puesto en el ranking total de arribos.<\/p>\n\n\n\n<p>La principal v\u00eda de ingreso es la a\u00e9rea (71%), seguida de la terrestre (23%) y en menor medida la fluvial o mar\u00edtima (6%). Buenos Aires, El Calafate y Puerto Iguaz\u00fa encabezan la lista de los destinos m\u00e1s buscados.<\/p>\n\n\n\n<p>La mayor parte de los turistas espa\u00f1oles que viajan a Argentina pertenece al grupo de entre 30 y 44 a\u00f1os de edad (27%). La temporada preferida para visitar Argentina se concentra entre los meses de noviembre y diciembre. La raz\u00f3n principal por la que realiza el viaje es para visitar amigos y\/o familiares (57%). La estad\u00eda promedio es de 23 noches, con un gasto promedio de casi 1.300 d\u00f3lares.<\/p>\n","protected":false},"excerpt":{"rendered":"<p>Con una delegaci\u00f3n liderada por el ministro de Turismo y Deportes, Mat\u00edas Lammens, y el secretario ejecutivo de INPROTUR, Ricardo Sosa, el pa\u00eds se presentar\u00e1 en uno de los principales encuentros tur\u00edsticos del mundo en b\u00fasqueda de atraer la inversi\u00f3n extranjera post pandemia y con el objetivo de mostrarse como un destino confiable en materia [&hellip;]<\/p>\n","protected":false},"author":2,"featured_media":6966,"comment_status":"open","ping_status":"open","sticky":false,"template":"","format":"standard","meta":{"footnotes":""},"categories":[113,111,109],"tags":[],"class_list":["post-6965","post","type-post","status-publish","format-standard","has-post-thumbnail","hentry","category-internacional","category-nacional","category-noticias"],"post_mailing_queue_ids":[],"_links":{"self":[{"href":"https:\/\/nubesmgzdigital.com.ar\/index.php\/wp-json\/wp\/v2\/posts\/6965","targetHints":{"allow":["GET"]}}],"collection":[{"href":"https:\/\/nubesmgzdigital.com.ar\/index.php\/wp-json\/wp\/v2\/posts"}],"about":[{"href":"https:\/\/nubesmgzdigital.com.ar\/index.php\/wp-json\/wp\/v2\/types\/post"}],"author":[{"embeddable":true,"href":"https:\/\/nubesmgzdigital.com.ar\/index.php\/wp-json\/wp\/v2\/users\/2"}],"replies":[{"embeddable":true,"href":"https:\/\/nubesmgzdigital.com.ar\/index.php\/wp-json\/wp\/v2\/comments?post=6965"}],"version-history":[{"count":1,"href":"https:\/\/nubesmgzdigital.com.ar\/index.php\/wp-json\/wp\/v2\/posts\/6965\/revisions"}],"predecessor-version":[{"id":6967,"href":"https:\/\/nubesmgzdigital.com.ar\/index.php\/wp-json\/wp\/v2\/posts\/6965\/revisions\/6967"}],"wp:featuredmedia":[{"embeddable":true,"href":"https:\/\/nubesmgzdigital.com.ar\/index.php\/wp-json\/wp\/v2\/media\/6966"}],"wp:attachment":[{"href":"https:\/\/nubesmgzdigital.com.ar\/index.php\/wp-json\/wp\/v2\/media?parent=6965"}],"wp:term":[{"taxonomy":"category","embeddable":true,"href":"https:\/\/nubesmgzdigital.com.ar\/index.php\/wp-json\/wp\/v2\/categories?post=6965"},{"taxonomy":"post_tag","embeddable":true,"href":"https:\/\/nubesmgzdigital.com.ar\/index.php\/wp-json\/wp\/v2\/tags?post=6965"}],"curies":[{"name":"wp","href":"https:\/\/api.w.org\/{rel}","templated":true}]}}