{"id":7240,"date":"2021-06-18T09:26:31","date_gmt":"2021-06-18T12:26:31","guid":{"rendered":"https:\/\/nubesmgzdigital.com.ar\/?p=7240"},"modified":"2021-06-18T09:26:33","modified_gmt":"2021-06-18T12:26:33","slug":"el-presidente-de-colombia-destaco-la-presencia-de-argentina-como-invitada-de-honor-en-anato","status":"publish","type":"post","link":"https:\/\/nubesmgzdigital.com.ar\/index.php\/2021\/06\/18\/el-presidente-de-colombia-destaco-la-presencia-de-argentina-como-invitada-de-honor-en-anato\/","title":{"rendered":"El presidente de Colombia destac\u00f3 la presencia de Argentina como invitada de honor en ANATO"},"content":{"rendered":"\n<p><strong><em>Iv\u00e1n Duque M\u00e1rquez inaugur\u00f3 la cuadrag\u00e9sima edici\u00f3n de la Vitrina Tur\u00edstica, que se desarrolla en Bogot\u00e1, y recalc\u00f3 la importancia del turismo para la econom\u00eda de todos los pa\u00edses.<\/em><\/strong><\/p>\n\n\n\n<p>Comenz\u00f3 la Feria Vitrina Tur\u00edstica ANATO, donde Argentina es pa\u00eds Invitado de Honor, y el mismo presidente de Colombia, Iv\u00e1n Duque M\u00e1rquez, dio las palabras iniciales en el acto de inauguraci\u00f3n en las que destac\u00f3 y agradeci\u00f3 la presencia de nuestro pa\u00eds. Adem\u00e1s subray\u00f3 la importancia de la realizaci\u00f3n de la feria para reactivar una industria muy golpeada por la pandemia.<\/p>\n\n\n\n<p>En el acto tambi\u00e9n estuvieron presentes la Ministra de Industria, Comercio y Turismo de Colombia, Mar\u00eda Ximena Lombana Villalba, la Presidenta de ANATO, Paula Cort\u00e9s Calle, el Director de Productos Tur\u00edsticos y el Director de Promoci\u00f3n del Instituto Nacional de Promoci\u00f3n Tur\u00edstica, Pablo Sismanian y Hern\u00e1n Vanoli y el Ministro de la Embajada de Argentina en Bogot\u00e1, Ra\u00fal Ailan.<\/p>\n\n\n\n<p>Durante la inauguraci\u00f3n, la Presidenta de ANATO, declar\u00f3: \u201cHemos construidos unos lazos importantes para el desarrollo del turismo bilateral, que, a trav\u00e9s de sus empresarios tur\u00edsticos, traen unos productos hermosos para mostrarnos. El Ministro de Turismo y Deportes, Mat\u00edas Lammens y el Secretario Ejecutivo del INPROTUR, Ricardo Sosa, se convirtieron en nuestros aliados y en actores cruciales para concretar acciones y confirmar hoy a la Argentina como invitado de Honor. Es una importante gesti\u00f3n para la protecci\u00f3n y recuperaci\u00f3n de los empresarios argentinos y para la reactivaci\u00f3n\u201d. M\u00e1s tarde, la presidenta de Anato, y la Ministra Lombana Villalba, visitaron el stand de Argentina.<\/p>\n\n\n\n<p>En la primera jornada se obtuvieron reuniones importantes de cara al turismo post pandemia con los principales actores del sector. Entre ellas, Avianca, la aerol\u00ednea m\u00e1s importante de Colombia se mostr\u00f3 interesada en retomar las rutas y las frecuencias a la Argentina cuando las fronteras se reabran en nuestro pa\u00eds.<\/p>\n\n\n\n<p>Las autoridades de Argentina se reunieron con Stephanie Kharfan, coordinadora de Alianzas en Turismo de Avianca en el stand institucional y se dialog\u00f3 sobre la recuperaci\u00f3n de rutas y aumento de las mismas cuando la situaci\u00f3n sanitaria lo permita y las fronteras se reabran en Argentina. Adem\u00e1s de presentar\u00e1 un proyecto promocional a mediano y largo plazo para incentivar al turista colombiano a viajar a nuestro pa\u00eds.<br>\u201cANATO nos ha dado la posibilidad de unirnos en esta feria para liderar la reactivaci\u00f3n del turismo en Latinoam\u00e9rica. Venimos con una buena feria en Espa\u00f1a y queremos continuar. En FITUR, las empresas nos informaron que hay una demanda contenida para toda la regi\u00f3n. Estamos trabajando con una mirada a mediano y largo plazo\u201d, asegur\u00f3 Ricardo Sosa, Secretario Ejecutivo del Instituto Nacional de Promoci\u00f3n Tur\u00edstica de Argentina (INPROTUR), quien adem\u00e1s, se refiri\u00f3 a uno de los premios recibidos durante la feria m\u00e1s importante de Espa\u00f1a: \u201cobtuvimos un reconocimiento en FITUR por la campa\u00f1a y el trabajo que ha realizado el Ministerio en la temporada de verano donde se movilizaron m\u00e1s de 15 millones de turistas de manera interna sin focos masivos de contagio. De igual manera trabajaremos con el turismo receptivo para cuando la situaci\u00f3n sanitaria lo permita y las fronteras se reabran\u201d.<\/p>\n\n\n\n<p>Argentina participa en la edici\u00f3n 40 de la feria Vitrina Tur\u00edstica ANATO que se desarrolla del 16 al 18 de junio en Bogot\u00e1, Colombia, con la misma cantidad de metros cuadrados que el a\u00f1o pasado. La Naturaleza es uno de los productos destacados en el stand de 216m2, y se present\u00f3 un proyecto de 17 rutas naturales creado por el Ministerio de Turismo y Deportes de la Naci\u00f3n y el Instituto Nacional de Promoci\u00f3n Tur\u00edstica.<\/p>\n\n\n\n<figure class=\"wp-block-image\"><img decoding=\"async\" src=\"https:\/\/www.argentina.gob.ar\/sites\/default\/files\/anato_interior.jpeg\" alt=\"\"\/><\/figure>\n\n\n\n<p>Asimismo, en la feria se puede observar la nueva identidad visual de promoci\u00f3n, y fue presentada como \u201cArgentina, pasi\u00f3n Infinita\u201d. En la jornada de hoy, se desarroll\u00f3 una exposici\u00f3n para explicar la finalidad, funci\u00f3n y significado de la nueva marca de VisitArgentina.<\/p>\n\n\n\n<p>Otro producto que se destac\u00f3 en la jornada, mediante una presentaci\u00f3n, es el Golf: Argentina gener\u00f3 una alianza con el PGA Tour Latinoam\u00e9rica y tendr\u00e1 presencia el calendario del Tour. Paralelo a la feria de Bogot\u00e1, en la ciudad de Bucaramanga se desarrollar\u00e1 la fecha del PGA Tour y Argentina mostrar\u00e1 sus destinos tur\u00edsticos para el p\u00fablico amante del golf.<\/p>\n\n\n\n<p>Entre otras reuniones, tambi\u00e9n hubo un importante encuentro con Aerol\u00edneas Argentinas, para conocer la situaci\u00f3n del mercado colombiano y trabajar en forma conjunta para atraer a los turistas apenas se reabran las fronteras.<\/p>\n\n\n\n<p>Por otra parte, durante el primer d\u00eda de feria, las autoridades dialogaron con la aerol\u00ednea low cost colombiana, Viva Air, para trabajar e incentivar a nuevas compa\u00f1\u00edas a\u00e9reas a generar sus rutas hacia Argentina y diversificar las conexiones entre ambos pa\u00edses.<\/p>\n\n\n\n<p>Finaliz\u00f3 la primera jornada de trabajo en la edici\u00f3n 40 de la Vitrina Tur\u00edstica ANATO en la que se destacaron las medidas de seguridad sanitaria, el uso de tapabocas de manera obligatoria y la distancia social. El pa\u00eds invitado de Honor ya piensa en el segundo d\u00eda para reunirse con m\u00e1s actores importantes del sector tur\u00edstico de Colombia.<\/p>\n\n\n\n<figure class=\"wp-block-image size-large\"><a href=\"https:\/\/www.argentina.gob.ar\/noticias\/el-presidente-de-colombia-destaco-la-presencia-de-argentina-como-invitada-de-honor-en-anato\" target=\"_blank\" rel=\"noopener\"><img loading=\"lazy\" decoding=\"async\" width=\"852\" height=\"182\" src=\"https:\/\/nubesmgzdigital.com.ar\/wp-content\/uploads\/2021\/06\/argentina_unida-3.jpeg\" alt=\"\" class=\"wp-image-7241\" srcset=\"https:\/\/nubesmgzdigital.com.ar\/wp-content\/uploads\/2021\/06\/argentina_unida-3.jpeg 852w, https:\/\/nubesmgzdigital.com.ar\/wp-content\/uploads\/2021\/06\/argentina_unida-3-300x64.jpeg 300w, https:\/\/nubesmgzdigital.com.ar\/wp-content\/uploads\/2021\/06\/argentina_unida-3-768x164.jpeg 768w, https:\/\/nubesmgzdigital.com.ar\/wp-content\/uploads\/2021\/06\/argentina_unida-3-696x149.jpeg 696w\" sizes=\"auto, (max-width: 852px) 100vw, 852px\" \/><\/a><\/figure>\n","protected":false},"excerpt":{"rendered":"<p>Iv\u00e1n Duque M\u00e1rquez inaugur\u00f3 la cuadrag\u00e9sima edici\u00f3n de la Vitrina Tur\u00edstica, que se desarrolla en Bogot\u00e1, y recalc\u00f3 la importancia del turismo para la econom\u00eda de todos los pa\u00edses. Comenz\u00f3 la Feria Vitrina Tur\u00edstica ANATO, donde Argentina es pa\u00eds Invitado de Honor, y el mismo presidente de Colombia, Iv\u00e1n Duque M\u00e1rquez, dio las palabras iniciales [&hellip;]<\/p>\n","protected":false},"author":2,"featured_media":7242,"comment_status":"open","ping_status":"open","sticky":false,"template":"","format":"standard","meta":{"footnotes":""},"categories":[112,113],"tags":[],"class_list":["post-7240","post","type-post","status-publish","format-standard","has-post-thumbnail","hentry","category-eventos","category-internacional"],"post_mailing_queue_ids":[],"_links":{"self":[{"href":"https:\/\/nubesmgzdigital.com.ar\/index.php\/wp-json\/wp\/v2\/posts\/7240","targetHints":{"allow":["GET"]}}],"collection":[{"href":"https:\/\/nubesmgzdigital.com.ar\/index.php\/wp-json\/wp\/v2\/posts"}],"about":[{"href":"https:\/\/nubesmgzdigital.com.ar\/index.php\/wp-json\/wp\/v2\/types\/post"}],"author":[{"embeddable":true,"href":"https:\/\/nubesmgzdigital.com.ar\/index.php\/wp-json\/wp\/v2\/users\/2"}],"replies":[{"embeddable":true,"href":"https:\/\/nubesmgzdigital.com.ar\/index.php\/wp-json\/wp\/v2\/comments?post=7240"}],"version-history":[{"count":1,"href":"https:\/\/nubesmgzdigital.com.ar\/index.php\/wp-json\/wp\/v2\/posts\/7240\/revisions"}],"predecessor-version":[{"id":7243,"href":"https:\/\/nubesmgzdigital.com.ar\/index.php\/wp-json\/wp\/v2\/posts\/7240\/revisions\/7243"}],"wp:featuredmedia":[{"embeddable":true,"href":"https:\/\/nubesmgzdigital.com.ar\/index.php\/wp-json\/wp\/v2\/media\/7242"}],"wp:attachment":[{"href":"https:\/\/nubesmgzdigital.com.ar\/index.php\/wp-json\/wp\/v2\/media?parent=7240"}],"wp:term":[{"taxonomy":"category","embeddable":true,"href":"https:\/\/nubesmgzdigital.com.ar\/index.php\/wp-json\/wp\/v2\/categories?post=7240"},{"taxonomy":"post_tag","embeddable":true,"href":"https:\/\/nubesmgzdigital.com.ar\/index.php\/wp-json\/wp\/v2\/tags?post=7240"}],"curies":[{"name":"wp","href":"https:\/\/api.w.org\/{rel}","templated":true}]}}