{"id":7998,"date":"2021-08-26T13:12:25","date_gmt":"2021-08-26T16:12:25","guid":{"rendered":"https:\/\/nubesmgzdigital.com.ar\/?p=7998"},"modified":"2021-08-26T13:12:27","modified_gmt":"2021-08-26T16:12:27","slug":"jornada-de-trabajo-de-lammens-en-cordoba","status":"publish","type":"post","link":"https:\/\/nubesmgzdigital.com.ar\/index.php\/2021\/08\/26\/jornada-de-trabajo-de-lammens-en-cordoba\/","title":{"rendered":"Jornada de trabajo de Lammens en C\u00f3rdoba"},"content":{"rendered":"\n<h3 class=\"wp-block-heading\">Present\u00f3\u00a0la segunda edici\u00f3n del programa PreViaje ante intendentes, intendentas y representantes del sector privado. Tambi\u00e9n visit\u00f3 obras deportivas<\/h3>\n\n\n\n<p>El ministro de Turismo y Deportes, Mat\u00edas Lammens, mantuvo una intensa agenda de trabajo en C\u00f3rdoba de cara al futuro del turismo y el deporte en la provincia.&nbsp;<\/p>\n\n\n\n<p>Acompa\u00f1ado por el senador nacional Carlos Caserio, visit\u00f3 Mina Clavero y Villa Carlos Paz, donde se analizaron las repercusiones del reciente lanzamiento de la segunda edici\u00f3n del Programa PreViaje. Participaron intendentes, jefes y jefas comunales de Capilla del Monte, La Cumbre, Valle Hermoso, Bialet Mass\u00e9, San Esteban, La Cumbrecita, Anisacate, Cabalango y Dique Chico. Tambi\u00e9n concurrieron legisladores, prestadores tur\u00edsticos, representantes de las C\u00e1maras Hoteleras y Gastron\u00f3micas de Carlos Paz y de la provincia de C\u00f3rdoba y el exvicepresidente de la Agencia C\u00f3rdoba Turismo, Federico Alesandri, para repasar los programas de apoyo al sector.<\/p>\n\n\n\n<figure class=\"wp-block-image size-large\"><img decoding=\"async\" src=\"https:\/\/www.argentina.gob.ar\/sites\/default\/files\/lammens_cordoba.jpeg\" alt=\"\"\/><\/figure>\n\n\n\n<p>&#8220;PreViaje es un programa que nos llena de satisfacci\u00f3n porque nos permite sostener y apuntalar a un sector que para nosotros es estrat\u00e9gico: por la cantidad de puestos de trabajo que genera, por la potencialidad que tiene el turismo receptivo para generar divisas y por el rol estrat\u00e9gico que cumplir\u00e1 en la etapa que comienza&#8221;, asegur\u00f3 Lammens durante la jornada, y sigui\u00f3: &#8220;El turismo interno va a ser uno de los grandes motores de la reactivaci\u00f3n de la Argentina y estamos convencidos de que C\u00f3rdoba ocupar\u00e1 un lugar protag\u00f3nico por lo que representa para nuestro pa\u00eds&#8221;.<\/p>\n\n\n\n<p>En tanto, Caserio destac\u00f3: &#8220;A pesar de la crisis, hemos sentido desde el primer&nbsp;momento el acompa\u00f1amiento del Gobierno Nacional y del ministro Lammens. Es un Estado presente que llega a cada una de las provincias argentinas y al interior profundo para comprometerse con el crecimiento de nuestras localidades&#8221;.<\/p>\n\n\n\n<p>A su turno, el intendente de Mina Clavero, Claudio Manzanelli, subray\u00f3: &#8220;PreViaje es una muy buena noticia para volver a poner en marcha al sector tur\u00edstico. Estamos trabajando con una presencia del Estado nacional como no ha ocurrido nunca en la historia de nuestra localidad. Eso tiene un impacto tur\u00edstico muy fuerte porque nos ayuda a prepararnos para lo que viene. Nos estamos preparando para una gran temporada de verano y el esfuerzo para mantener el buen ritmo de vacunaci\u00f3n nos llena de buenas expectativas&#8221;.<\/p>\n\n\n\n<p>En tanto, en la localidad de Villa Cura Brochero, visit\u00f3 las obras recientemente inauguradas del Polideportivo Municipal, donde el ministerio financi\u00f3 un nuevo play\u00f3n deportivo y la cubierta para el Sal\u00f3n de Usos M\u00faltiples (SUM). Las obras buscan posibilitar competiciones deportivas a nivel local de b\u00e1squet y v\u00f3ley, como tambi\u00e9n generar un espacio para las escuelas municipales deportivas.<\/p>\n\n\n\n<p>Finalmente, Lammens entreg\u00f3 una placa de reconocimiento al padre del piloto Jos\u00e9 Mar\u00eda &#8220;Pechito&#8221; L\u00f3pez, por su hist\u00f3rico triunfo en el emblem\u00e1tico evento internacional de las 24 Horas de Le Mans.<\/p>\n\n\n\n<figure class=\"wp-block-image size-full is-resized is-style-rounded\"><a href=\"https:\/\/www.argentina.gob.ar\/noticias\/jornada-de-trabajo-de-lammens-en-cordoba\" target=\"_blank\" rel=\"noopener\"><img loading=\"lazy\" decoding=\"async\" src=\"https:\/\/nubesmgzdigital.com.ar\/wp-content\/uploads\/2021\/08\/779x142-1.png\" alt=\"\" class=\"wp-image-7999\" width=\"779\" height=\"142\" srcset=\"https:\/\/nubesmgzdigital.com.ar\/wp-content\/uploads\/2021\/08\/779x142-1.png 779w, https:\/\/nubesmgzdigital.com.ar\/wp-content\/uploads\/2021\/08\/779x142-1-300x55.png 300w, https:\/\/nubesmgzdigital.com.ar\/wp-content\/uploads\/2021\/08\/779x142-1-768x140.png 768w, https:\/\/nubesmgzdigital.com.ar\/wp-content\/uploads\/2021\/08\/779x142-1-696x127.png 696w\" sizes=\"auto, (max-width: 779px) 100vw, 779px\" \/><\/a><\/figure>\n","protected":false},"excerpt":{"rendered":"<p>Present\u00f3\u00a0la segunda edici\u00f3n del programa PreViaje ante intendentes, intendentas y representantes del sector privado. Tambi\u00e9n visit\u00f3 obras deportivas El ministro de Turismo y Deportes, Mat\u00edas Lammens, mantuvo una intensa agenda de trabajo en C\u00f3rdoba de cara al futuro del turismo y el deporte en la provincia.&nbsp; Acompa\u00f1ado por el senador nacional Carlos Caserio, visit\u00f3 Mina [&hellip;]<\/p>\n","protected":false},"author":2,"featured_media":8000,"comment_status":"open","ping_status":"open","sticky":false,"template":"","format":"standard","meta":{"footnotes":""},"categories":[111,135],"tags":[],"class_list":["post-7998","post","type-post","status-publish","format-standard","has-post-thumbnail","hentry","category-nacional","category-region-pampeana"],"post_mailing_queue_ids":[],"_links":{"self":[{"href":"https:\/\/nubesmgzdigital.com.ar\/index.php\/wp-json\/wp\/v2\/posts\/7998","targetHints":{"allow":["GET"]}}],"collection":[{"href":"https:\/\/nubesmgzdigital.com.ar\/index.php\/wp-json\/wp\/v2\/posts"}],"about":[{"href":"https:\/\/nubesmgzdigital.com.ar\/index.php\/wp-json\/wp\/v2\/types\/post"}],"author":[{"embeddable":true,"href":"https:\/\/nubesmgzdigital.com.ar\/index.php\/wp-json\/wp\/v2\/users\/2"}],"replies":[{"embeddable":true,"href":"https:\/\/nubesmgzdigital.com.ar\/index.php\/wp-json\/wp\/v2\/comments?post=7998"}],"version-history":[{"count":1,"href":"https:\/\/nubesmgzdigital.com.ar\/index.php\/wp-json\/wp\/v2\/posts\/7998\/revisions"}],"predecessor-version":[{"id":8001,"href":"https:\/\/nubesmgzdigital.com.ar\/index.php\/wp-json\/wp\/v2\/posts\/7998\/revisions\/8001"}],"wp:featuredmedia":[{"embeddable":true,"href":"https:\/\/nubesmgzdigital.com.ar\/index.php\/wp-json\/wp\/v2\/media\/8000"}],"wp:attachment":[{"href":"https:\/\/nubesmgzdigital.com.ar\/index.php\/wp-json\/wp\/v2\/media?parent=7998"}],"wp:term":[{"taxonomy":"category","embeddable":true,"href":"https:\/\/nubesmgzdigital.com.ar\/index.php\/wp-json\/wp\/v2\/categories?post=7998"},{"taxonomy":"post_tag","embeddable":true,"href":"https:\/\/nubesmgzdigital.com.ar\/index.php\/wp-json\/wp\/v2\/tags?post=7998"}],"curies":[{"name":"wp","href":"https:\/\/api.w.org\/{rel}","templated":true}]}}