{"id":8002,"date":"2021-08-27T08:43:05","date_gmt":"2021-08-27T11:43:05","guid":{"rendered":"https:\/\/nubesmgzdigital.com.ar\/?p=8002"},"modified":"2021-08-27T08:46:32","modified_gmt":"2021-08-27T11:46:32","slug":"fundacion-turismocuida-de-peru-se-presenta-en-asicotur-para-dar-a-conocer-casos-de-exito","status":"publish","type":"post","link":"https:\/\/nubesmgzdigital.com.ar\/index.php\/2021\/08\/27\/fundacion-turismocuida-de-peru-se-presenta-en-asicotur-para-dar-a-conocer-casos-de-exito\/","title":{"rendered":"Fundaci\u00f3n TurismoCuida de Per\u00fa, se presenta en ASICOTUR para dar a conocer casos de \u00e9xito."},"content":{"rendered":"\n<h4 class=\"wp-block-heading\">La Directora de la Fundaci\u00f3n, Mar\u00eda del Carmen de Reparaz, y ex Viceministra de Turismo de Per\u00fa, se present\u00f3 el d\u00eda de ayer en una reuni\u00f3n oficial de asociados organizada por ASICOTUR para dar a conocer esta Fundaci\u00f3n sin fines de lucro, caracterizada por su compromiso con el desarrollo de un turismo sostenible.<\/h4>\n\n\n\n<div class=\"wp-block-image\"><figure class=\"aligncenter size-large\"><a href=\"https:\/\/www.termatalia.com\/\" target=\"_blank\" rel=\"noopener\"><img loading=\"lazy\" decoding=\"async\" width=\"1024\" height=\"190\" src=\"http:\/\/nubesmgzdigital.com.ar\/wp-content\/uploads\/2021\/08\/Congreso-termatalia-2021-1024x190.jpg\" alt=\"\" class=\"wp-image-7969\" srcset=\"https:\/\/nubesmgzdigital.com.ar\/wp-content\/uploads\/2021\/08\/Congreso-termatalia-2021-1024x190.jpg 1024w, https:\/\/nubesmgzdigital.com.ar\/wp-content\/uploads\/2021\/08\/Congreso-termatalia-2021-300x56.jpg 300w, https:\/\/nubesmgzdigital.com.ar\/wp-content\/uploads\/2021\/08\/Congreso-termatalia-2021-768x143.jpg 768w, https:\/\/nubesmgzdigital.com.ar\/wp-content\/uploads\/2021\/08\/Congreso-termatalia-2021-696x129.jpg 696w, https:\/\/nubesmgzdigital.com.ar\/wp-content\/uploads\/2021\/08\/Congreso-termatalia-2021-1068x198.jpg 1068w, https:\/\/nubesmgzdigital.com.ar\/wp-content\/uploads\/2021\/08\/Congreso-termatalia-2021.jpg 1389w\" sizes=\"auto, (max-width: 1024px) 100vw, 1024px\" \/><\/a><figcaption><span style=\"color:#0693e3\" class=\"tadv-color\">Publicidad<\/span><\/figcaption><\/figure><\/div>\n\n\n\n<p>En esta oportunidad, la Licenciada en Turismo resalt\u00f3 el liderazgo de la operaci\u00f3n econ\u00f3mica y territorial del sector privado a trav\u00e9s de TurismoCuida a representantes de dieciocho pa\u00edses de Europa, \u00c1frica, Am\u00e9rica y As\u00eda, todos asociados de ASICOTUR.<\/p>\n\n\n\n<p>Esta Fundaci\u00f3n, dedicada a la mejor puesta en escena de los productos tur\u00edsticos del Per\u00fa, se funda en el a\u00f1o 2012 de la mano de siete empresas l\u00edderes (actualmente dieciocho empresas miembros) principalmente empresarios de turismo receptivo, y nace como organizaci\u00f3n hermana de Tourism Cares.<\/p>\n\n\n\n<p><em>\u201cDurante 2 a\u00f1os se realizaron acciones concretas de desarrollo con el aporte econ\u00f3mico de estos privados<\/em>\u201d, as\u00ed se\u00f1ala Maria del Carmen de Reparaz, lo que permiti\u00f3 llevar a cabo 14 proyectos a lo largo de Per\u00fa. La directiva de la Fundaci\u00f3n en ese momento, se dio cuenta que los proyectos ten\u00edan que ser sustentables a lo largo del tiempo y decidieron enfocar sus esfuerzos en una regi\u00f3n o provincia espec\u00edfica; la ciudad escogida fue el Cuzco.<\/p>\n\n\n\n<p>Estos casos de \u00e9xito, principalmente llevados a cabo en el a\u00f1o 2014, fueron explicados en profundidad por la Ex Viceministra, mencionando directamente a los proyectos de: <strong>RECUZCO <\/strong>(REUSO, RECOJO, RECICLO) basado en la limpieza de la ciudad a trav\u00e9s del reciclaje y el <strong>PLAN WALLATA,<\/strong> de sostenibilidad para la Regi\u00f3n de Ollantaytambo, la \u00faltima ciudad Inca viviente.<\/p>\n\n\n\n<p>El Plan Wallata, sirvi\u00f3 para ejemplificar a los 24 asociados presentes, sobre la importancia de la colaboraci\u00f3n privada en la gesti\u00f3n de recursos, lo que ha permitido capacitar a las personas y darle trazabilidad al destino. Basado en el diagn\u00f3stico social, el Plan Wallata permiti\u00f3 encontrar problem\u00e1ticas como pobreza circundante, un sistema de movilidad urbano descontrolado, juventud desinformada, entre otros y abordarlos desde la Cooperaci\u00f3n conjunta con actores locales.<\/p>\n\n\n\n<p>Finalmente, el Presidente de ASICOTUR, Alejandro Rubin, invit\u00f3 a los asistentes a ingresar a la nueva <strong>Sede Virtual<\/strong> facilitada por AEMME (Asociaci\u00f3n Espa\u00f1ola Multisectorial de Microempresas), para lo cual se destinaron los \u00faltimos 15 minutos en capacitaci\u00f3n sobre usos de tecnolog\u00edas de informaci\u00f3n en Turismo y la importancia de conocer nuevas herramientas que faciliten el trabajo colaborativo.<\/p>\n\n\n\n<figure class=\"wp-block-image size-full\"><a href=\"http:\/\/asicotur.com\/\" target=\"_blank\" rel=\"noopener\"><img loading=\"lazy\" decoding=\"async\" width=\"723\" height=\"90\" src=\"http:\/\/nubesmgzdigital.com.ar\/wp-content\/uploads\/2021\/06\/asicotur11-1.jpg\" alt=\"\" class=\"wp-image-7283\" srcset=\"https:\/\/nubesmgzdigital.com.ar\/wp-content\/uploads\/2021\/06\/asicotur11-1.jpg 723w, https:\/\/nubesmgzdigital.com.ar\/wp-content\/uploads\/2021\/06\/asicotur11-1-300x37.jpg 300w, https:\/\/nubesmgzdigital.com.ar\/wp-content\/uploads\/2021\/06\/asicotur11-1-696x87.jpg 696w\" sizes=\"auto, (max-width: 723px) 100vw, 723px\" \/><\/a><\/figure>\n","protected":false},"excerpt":{"rendered":"<p>La Directora de la Fundaci\u00f3n, Mar\u00eda del Carmen de Reparaz, y ex Viceministra de Turismo de Per\u00fa, se present\u00f3 el d\u00eda de ayer en una reuni\u00f3n oficial de asociados organizada por ASICOTUR para dar a conocer esta Fundaci\u00f3n sin fines de lucro, caracterizada por su compromiso con el desarrollo de un turismo sostenible. En esta [&hellip;]<\/p>\n","protected":false},"author":2,"featured_media":8003,"comment_status":"open","ping_status":"open","sticky":false,"template":"","format":"standard","meta":{"footnotes":""},"categories":[113],"tags":[],"class_list":["post-8002","post","type-post","status-publish","format-standard","has-post-thumbnail","hentry","category-internacional"],"post_mailing_queue_ids":[],"_links":{"self":[{"href":"https:\/\/nubesmgzdigital.com.ar\/index.php\/wp-json\/wp\/v2\/posts\/8002","targetHints":{"allow":["GET"]}}],"collection":[{"href":"https:\/\/nubesmgzdigital.com.ar\/index.php\/wp-json\/wp\/v2\/posts"}],"about":[{"href":"https:\/\/nubesmgzdigital.com.ar\/index.php\/wp-json\/wp\/v2\/types\/post"}],"author":[{"embeddable":true,"href":"https:\/\/nubesmgzdigital.com.ar\/index.php\/wp-json\/wp\/v2\/users\/2"}],"replies":[{"embeddable":true,"href":"https:\/\/nubesmgzdigital.com.ar\/index.php\/wp-json\/wp\/v2\/comments?post=8002"}],"version-history":[{"count":1,"href":"https:\/\/nubesmgzdigital.com.ar\/index.php\/wp-json\/wp\/v2\/posts\/8002\/revisions"}],"predecessor-version":[{"id":8004,"href":"https:\/\/nubesmgzdigital.com.ar\/index.php\/wp-json\/wp\/v2\/posts\/8002\/revisions\/8004"}],"wp:featuredmedia":[{"embeddable":true,"href":"https:\/\/nubesmgzdigital.com.ar\/index.php\/wp-json\/wp\/v2\/media\/8003"}],"wp:attachment":[{"href":"https:\/\/nubesmgzdigital.com.ar\/index.php\/wp-json\/wp\/v2\/media?parent=8002"}],"wp:term":[{"taxonomy":"category","embeddable":true,"href":"https:\/\/nubesmgzdigital.com.ar\/index.php\/wp-json\/wp\/v2\/categories?post=8002"},{"taxonomy":"post_tag","embeddable":true,"href":"https:\/\/nubesmgzdigital.com.ar\/index.php\/wp-json\/wp\/v2\/tags?post=8002"}],"curies":[{"name":"wp","href":"https:\/\/api.w.org\/{rel}","templated":true}]}}