{"id":8005,"date":"2021-08-27T09:54:19","date_gmt":"2021-08-27T12:54:19","guid":{"rendered":"https:\/\/nubesmgzdigital.com.ar\/?p=8005"},"modified":"2021-08-27T09:55:46","modified_gmt":"2021-08-27T12:55:46","slug":"bordet-y-empresarios-turisticos-articulan-medidas-de-cara-a-la-temporada-de-verano","status":"publish","type":"post","link":"https:\/\/nubesmgzdigital.com.ar\/index.php\/2021\/08\/27\/bordet-y-empresarios-turisticos-articulan-medidas-de-cara-a-la-temporada-de-verano\/","title":{"rendered":"BORDET Y EMPRESARIOS TUR\u00cdSTICOS ARTICULAN MEDIDAS DE CARA A LA TEMPORADA DE VERANO"},"content":{"rendered":"\n<h3 class=\"wp-block-heading\">Empresarios y prestadores tur\u00edsticos de Victoria valoraron las pol\u00edticas de asistencia durante la pandemia y adelantaron una buena temporada de verano en la provincia. Fue durante la reuni\u00f3n con el gobernador Gustavo Bordet en la que analizaron medidas conjuntas.<\/h3>\n\n\n\n<div class=\"wp-block-image\"><figure class=\"alignleft size-large\"><a href=\"https:\/\/www.termatalia.com\/\" target=\"_blank\" rel=\"noopener\"><img loading=\"lazy\" decoding=\"async\" width=\"1024\" height=\"190\" src=\"http:\/\/nubesmgzdigital.com.ar\/wp-content\/uploads\/2021\/08\/Congreso-termatalia-2021-1024x190.jpg\" alt=\"\" class=\"wp-image-7969\" srcset=\"https:\/\/nubesmgzdigital.com.ar\/wp-content\/uploads\/2021\/08\/Congreso-termatalia-2021-1024x190.jpg 1024w, https:\/\/nubesmgzdigital.com.ar\/wp-content\/uploads\/2021\/08\/Congreso-termatalia-2021-300x56.jpg 300w, https:\/\/nubesmgzdigital.com.ar\/wp-content\/uploads\/2021\/08\/Congreso-termatalia-2021-768x143.jpg 768w, https:\/\/nubesmgzdigital.com.ar\/wp-content\/uploads\/2021\/08\/Congreso-termatalia-2021-696x129.jpg 696w, https:\/\/nubesmgzdigital.com.ar\/wp-content\/uploads\/2021\/08\/Congreso-termatalia-2021-1068x198.jpg 1068w, https:\/\/nubesmgzdigital.com.ar\/wp-content\/uploads\/2021\/08\/Congreso-termatalia-2021.jpg 1389w\" sizes=\"auto, (max-width: 1024px) 100vw, 1024px\" \/><\/a><figcaption><span style=\"color:#0693e3\" class=\"tadv-color\">Publicidad<\/span><\/figcaption><\/figure><\/div>\n\n\n\n<p>El sector turismo fue el que m\u00e1s sufri\u00f3 las consecuencias econ\u00f3micas de la pandemia, para ellos establecimos planes de financiamiento y de asistencia\u201d, afirm\u00f3 el mandatario durante el encuentro en el que tambi\u00e9n participaron la vicegobernadora, Laura Stratta y el ministro de Producci\u00f3n, Juan Jos\u00e9 Bahillo.<\/p>\n\n\n\n<p>En ese marco, Bordet valor\u00f3 la recuperaci\u00f3n que est\u00e1 experimentando el sector tur\u00edstico de la provincia que est\u00e1 \u201cpensando en la temporada tur\u00edstica\u201d, y \u201cretomando la normalidad\u201d.<\/p>\n\n\n\n<p>\u201cProyectamos un futuro de crecimiento del sector en nuestra provincia, lo cual es clave en la generaci\u00f3n de ingresos, pero tambi\u00e9n de puestos de trabajo\u201d, adelant\u00f3 el mandatario durante el encuentro.<\/p>\n\n\n\n<p>Por su parte, Stratta destac\u00f3 que desde la provincia &#8220;trabajamos para generar respuestas como lo venimos haciendo, fortalecer esta estrategia de articulaci\u00f3n entre el gobierno provincial y el local, junto con el nacional y la articulaci\u00f3n p\u00fablico privada es la \u00fanica manera que tenemos de construir un camino que nos permita recuperar la vida que queremos y tener la Victoria que nos merecemos&#8221;.<\/p>\n\n\n\n<p>Tambi\u00e9n participaron del encuentro el titular del Enohsa, Enrique Cresto, la diputada nacional, Carolina Gaillard, el coordinador para la Regi\u00f3n Centro del Ministerio del Interior, Tom\u00e1s Ledesma y la subsecretaria de la Juventud, Brenda Ulman.<\/p>\n\n\n\n<p>Al t\u00e9rmino de la reuni\u00f3n, el presidente C\u00e1mara Turismo de Victoria, Walter Nu\u00f1ez, manifest\u00f3 su alegr\u00eda por la visita de las autoridades provinciales. &#8220;La articulaci\u00f3n p\u00fablica y privada siempre sirve&#8221;, sostuvo. &#8220;El gobierno provincial siempre apoya estas cuestiones, as\u00ed que realmente muy conformes porque a la vez han respondido todos los cuestionarios que hemos realizado&#8221;, expres\u00f3.<\/p>\n\n\n\n<p>Tras ello, dijo que est\u00e1n \u201cmuy conformes y con una agenda de trabajo de una forma esperanzadora. Es un sector golpeado, pero desde Victoria estamos creciendo mucho en lo que es turismo y realmente hacemos una apuesta importante\u201d, manifest\u00f3.<\/p>\n\n\n\n<p>A su turno, la gu\u00eda de turismo de Victoria, Stella Maris Roldan, destac\u00f3 el apoyo del gobierno y record\u00f3: &#8220;Yo empec\u00e9 a trabajar con el padre de Laura&nbsp;Stratta, y \u00e9l tuvo la visi\u00f3n de encontrar en Victoria una ciudad tur\u00edstica cuando no ten\u00eda nada, y desde el gobierno provincial siempre tuvimos apoyo&#8221;.<\/p>\n\n\n\n<p>En ese sentido, la investigadora Silvia P\u00e9rez Simondini, que lleva adelante el Museo del Ovni, afirm\u00f3: \u201cEstamos muy contentas, hace 30 a\u00f1os que vine de Buenos Aires a instalarme con el tema Ovnis, y al principio yo tuve el apoyo de Juan Carlos Stratta, despu\u00e9s pasaron muchos a\u00f1os que trabaj\u00e9 absolutamente sola\u201d.<\/p>\n\n\n\n<p>\u201cEn esta oportunidad, con el gobierno actual he encontrado el apoyo que hoy nos ha puesto en el centro de la informaci\u00f3n, no solo nacional sino internacional, que nos ha permitido movernos de otra forma. Estoy hablando de darnos la posibilidad de poder contactarnos con todo tipo de reglas sociales para que podamos seguir avanzando con esto\u201d, apunt\u00f3 Simondini.<\/p>\n\n\n\n<p>En ese marco, coment\u00f3 que \u201ctenemos un museo que lo estamos ampliando, le estamos cambiando la fachada\u201d, y estim\u00f3 que \u201cla gente se va a entusiasmar mucho porque va a encontrar una forma donde va poder fotografiarse\u201d. Luego mencion\u00f3 que \u201cestamos muy contentos por la cantidad de gente que viene\u201d, y asegur\u00f3 que \u201cnosotros lo que hacemos es apoyar a todo el conjunto de la sociedad victoriense porque lo merece y porque somos un ente m\u00e1s dentro de la sociedad\u201d.<\/p>\n\n\n\n<p>Asimismo, dese\u00f3 que \u201cterminemos con esta pandemia, que nos lleve a una normalidad y que la gente pueda recuperarse, al igual que nosotros tambi\u00e9n porque no es lo mismo con la pandemia y sin ella\u201d.<\/p>\n\n\n\n<p>En tanto, \u00c1ngelo Ormaechea, de Nuestros Sabores de Victoria, dijo que \u201clo bueno es que tengamos un horizonte\u201d, al dar cuenta sobre la situaci\u00f3n del a\u00f1o anterior que \u201cfue de mucha incertidumbre\u201d. \u201cAhora el panorama es distinto, vamos a ingresar al verano con muchas dosis (de vacunas) aplicadas, que el a\u00f1o pasado no hab\u00eda pasado\u201d, expres\u00f3.<\/p>\n\n\n\n<p>&#8220;Creo que lo peor ya est\u00e1, ya pas\u00f3. Lo importante es apuntar al futuro\u201d, sostuvo y agreg\u00f3: \u201cVictoria es una ciudad que cada vez m\u00e1s se afianza con fin tur\u00edstico, la gente la elige cada vez m\u00e1s, que eso es muy importante\u201d, indic\u00f3.<\/p>\n\n\n\n<div class=\"wp-block-image\"><figure class=\"alignleft size-full is-resized\"><a href=\"https:\/\/www.entrerios.tur.ar\/noticia\/86\" target=\"_blank\" rel=\"noopener\"><img loading=\"lazy\" decoding=\"async\" src=\"https:\/\/nubesmgzdigital.com.ar\/wp-content\/uploads\/2021\/08\/Logo-Entre-Rios.jpg\" alt=\"\" class=\"wp-image-8006\" width=\"193\" height=\"55\" srcset=\"https:\/\/nubesmgzdigital.com.ar\/wp-content\/uploads\/2021\/08\/Logo-Entre-Rios.jpg 401w, https:\/\/nubesmgzdigital.com.ar\/wp-content\/uploads\/2021\/08\/Logo-Entre-Rios-300x85.jpg 300w\" sizes=\"auto, (max-width: 193px) 100vw, 193px\" \/><\/a><figcaption><span style=\"color:#00d084\" class=\"tadv-color\">Fuente<\/span><\/figcaption><\/figure><\/div>\n","protected":false},"excerpt":{"rendered":"<p>Empresarios y prestadores tur\u00edsticos de Victoria valoraron las pol\u00edticas de asistencia durante la pandemia y adelantaron una buena temporada de verano en la provincia. Fue durante la reuni\u00f3n con el gobernador Gustavo Bordet en la que analizaron medidas conjuntas. El sector turismo fue el que m\u00e1s sufri\u00f3 las consecuencias econ\u00f3micas de la pandemia, para ellos [&hellip;]<\/p>\n","protected":false},"author":2,"featured_media":8007,"comment_status":"open","ping_status":"open","sticky":false,"template":"","format":"standard","meta":{"footnotes":""},"categories":[114],"tags":[],"class_list":["post-8005","post","type-post","status-publish","format-standard","has-post-thumbnail","hentry","category-turismo-destinos"],"post_mailing_queue_ids":[],"_links":{"self":[{"href":"https:\/\/nubesmgzdigital.com.ar\/index.php\/wp-json\/wp\/v2\/posts\/8005","targetHints":{"allow":["GET"]}}],"collection":[{"href":"https:\/\/nubesmgzdigital.com.ar\/index.php\/wp-json\/wp\/v2\/posts"}],"about":[{"href":"https:\/\/nubesmgzdigital.com.ar\/index.php\/wp-json\/wp\/v2\/types\/post"}],"author":[{"embeddable":true,"href":"https:\/\/nubesmgzdigital.com.ar\/index.php\/wp-json\/wp\/v2\/users\/2"}],"replies":[{"embeddable":true,"href":"https:\/\/nubesmgzdigital.com.ar\/index.php\/wp-json\/wp\/v2\/comments?post=8005"}],"version-history":[{"count":2,"href":"https:\/\/nubesmgzdigital.com.ar\/index.php\/wp-json\/wp\/v2\/posts\/8005\/revisions"}],"predecessor-version":[{"id":8010,"href":"https:\/\/nubesmgzdigital.com.ar\/index.php\/wp-json\/wp\/v2\/posts\/8005\/revisions\/8010"}],"wp:featuredmedia":[{"embeddable":true,"href":"https:\/\/nubesmgzdigital.com.ar\/index.php\/wp-json\/wp\/v2\/media\/8007"}],"wp:attachment":[{"href":"https:\/\/nubesmgzdigital.com.ar\/index.php\/wp-json\/wp\/v2\/media?parent=8005"}],"wp:term":[{"taxonomy":"category","embeddable":true,"href":"https:\/\/nubesmgzdigital.com.ar\/index.php\/wp-json\/wp\/v2\/categories?post=8005"},{"taxonomy":"post_tag","embeddable":true,"href":"https:\/\/nubesmgzdigital.com.ar\/index.php\/wp-json\/wp\/v2\/tags?post=8005"}],"curies":[{"name":"wp","href":"https:\/\/api.w.org\/{rel}","templated":true}]}}