{"id":8451,"date":"2021-10-05T19:08:52","date_gmt":"2021-10-05T22:08:52","guid":{"rendered":"http:\/\/nubesmgzdigital.com.ar\/?p=8451"},"modified":"2021-10-05T19:08:54","modified_gmt":"2021-10-05T22:08:54","slug":"exitoso-inicio-de-visit-argentina-en-top-resa-2021","status":"publish","type":"post","link":"https:\/\/nubesmgzdigital.com.ar\/index.php\/2021\/10\/05\/exitoso-inicio-de-visit-argentina-en-top-resa-2021\/","title":{"rendered":"EXITOSO INICIO DE VISIT ARGENTINA EN TOP RESA 2021"},"content":{"rendered":"\n<h3 class=\"wp-block-heading\">En v\u00edsperas de la reapertura de las fronteras para todo el mundo, Argentina participa de la feria tur\u00edstica m\u00e1s importante de Francia. Reuniones con aerol\u00edneas, agencias y medios franceses marcaron el pulso del primer d\u00eda.<\/h3>\n\n\n\n<p>Alegr\u00eda y expectativa por lo que viene. El empresario franc\u00e9s recibi\u00f3 con mucha ilusi\u00f3n la reapertura de fronteras de la Argentina a partir del 1 de noviembre para todos los viajeros y viajeras del mundo, sin necesidad de hacer cuarentena, y solamente presentando esquema de vacunaci\u00f3n completo y PCR negativo antes de llegar al pa\u00eds. Durante el primer d\u00eda de\u00a0<strong>IFTM Top Resa 2021<\/strong>, la feria francesa m\u00e1s relevante para el trade que se llevar\u00e1 a cabo hasta el viernes 8 de octubre en el sal\u00f3n Porte de Versailles en Par\u00eds, fue el gran tema de conversaci\u00f3n.\u00a0<\/p>\n\n\n\n<p><em>\u201cEl turismo internacional recibi\u00f3 con un inmenso entusiasmo la noticia de la futura apertura de fronteras. Y esperamos que la recuperaci\u00f3n de la industria se va a dar de una manera pronta y con m\u00e1s \u00edmpetu que nunca\u201d<\/em>, asegur\u00f3 el Secretario Ejecutivo del INPROTUR,\u00a0<strong>Ricardo Sosa<\/strong>.\u00a0<\/p>\n\n\n\n<p>El\u00a0<strong>mercado franc\u00e9s es estrat\u00e9gico<\/strong>\u00a0para la Argentina, con casi 160 mil turistas por a\u00f1o, lo que lo posiciona como el\u00a0<strong>segundo m\u00e1s importante de Europa<\/strong>. Entre los principales atractivos convocantes para este p\u00fablico se encuentran la naturaleza, la vida cultural y la oferta gastron\u00f3mica de la Argentina. Y destinos como la Patagonia, Buenos Aires y el Norte.\u00a0<em>\u201cArgentina tiene una imagen muy buena en el mercado franc\u00e9s\u201d<\/em>, dijo uno de los touroperadores que mantuvo reuniones con los representantes de Visit Argentina.\u00a0<\/p>\n\n\n\n<p><em>\u201cEstamos gratamente sorprendidos por la expectativa del trade. Vinimos con la misi\u00f3n de difundir las oportunidades y los atractivos que tiene la Argentina para esta nueva etapa, haciendo foco en extender las estad\u00edas del turismo de alta gama\u201d<\/em>, asegur\u00f3 el Director de Promoci\u00f3n Internacional del INPROTUR,\u00a0<strong>Hern\u00e1n Vanoli<\/strong>, quien encabez\u00f3 la comitiva oficial a la que se sumaron representantes del sector privado, entre agencias de turismo receptivo, entretenimiento y destinos como Bariloche.<\/p>\n\n\n\n<figure class=\"wp-block-image size-large\"><img decoding=\"async\" src=\"https:\/\/ci3.googleusercontent.com\/proxy\/mRUNb_UHqlu_i-Syyq25V3PIFgNP5_S_NfAiXRS_8uXx9MLIn3ya4bcLtpsncwaaj8qFmZLvwvpmhUskgz2goDeqR_n78N35etEV6GAyfG1K571Op3kQVKlUr2Ce9WoBHYKVvhqLObkSQNVe-d-tWuAft__GG-Q=s0-d-e1-ft#https:\/\/mcusercontent.com\/c72ee12e8482a64a249259cc5\/images\/10873a31-a155-15a9-6826-0ca8fac88d10.jpeg\" alt=\"\"\/><\/figure>\n\n\n\n<p>Durante el primer d\u00eda se mantuvieron\u00a0<strong>reuniones con las aerol\u00edneas Air France y French Bee\u00a0<\/strong>para evaluar nuevas oportunidades de cara a la reapertura del turismo y con las agencias\u00a0<strong>TUI Francia<\/strong>\u00a0-que present\u00f3 un interesante nuevo producto de roadtrip por el norte de la Argentina-,\u00a0<strong>Le Maisons du Voyage<\/strong>,\u00a0<strong>Alma Latina\u00a0<\/strong>y con<strong>\u00a0Ponant<\/strong>, que organiza expediciones a la Ant\u00e1rtida y que ya tiene en agenda fechas en noviembre. En todos estos encuentros se pusieron sobre la mesa distintas estrategias para extender la estad\u00eda de los turistas en la Argentina y promover viajes fuera de las temporadas m\u00e1s habituales. Adem\u00e1s, hubo espacio para un encuentro con el medio\u00a0<strong>Le Figaro<\/strong>, uno de los l\u00edderes de audiencia.\u00a0<\/p>\n\n\n\n<p>IFTM Top Resa es una feria internacional destinada al trade tur\u00edstico, principalmente franc\u00e9s. Durante la misma, se re\u00fanen los principales actores locales de distintos segmentos del turismo: negocios, ocio, grupo, MICE y eventos; y a lo largo de los cuatro d\u00edas se ofrecen capacitaciones y conferencias con el fin de poder mostrar los cambios, tendencias y novedades del mercado. En ediciones anteriores, la feria ha reunido a m\u00e1s de 1.700 marcas y 34 mil profesionales de la industria del turismo.<\/p>\n\n\n\n<figure class=\"wp-block-image size-large\"><a href=\"https:\/\/argentina.us10.list-manage.com\/track\/click?u=c72ee12e8482a64a249259cc5&amp;id=ac52aa0c6e&amp;e=1f1bd49e71\" target=\"_blank\" rel=\"noopener\"><img loading=\"lazy\" decoding=\"async\" width=\"1024\" height=\"227\" src=\"http:\/\/nubesmgzdigital.com.ar\/wp-content\/uploads\/2021\/10\/unnamed-1024x227.png\" alt=\"\" class=\"wp-image-8435\" srcset=\"https:\/\/nubesmgzdigital.com.ar\/wp-content\/uploads\/2021\/10\/unnamed-1024x227.png 1024w, https:\/\/nubesmgzdigital.com.ar\/wp-content\/uploads\/2021\/10\/unnamed-300x66.png 300w, https:\/\/nubesmgzdigital.com.ar\/wp-content\/uploads\/2021\/10\/unnamed-768x170.png 768w, https:\/\/nubesmgzdigital.com.ar\/wp-content\/uploads\/2021\/10\/unnamed-1536x340.png 1536w, https:\/\/nubesmgzdigital.com.ar\/wp-content\/uploads\/2021\/10\/unnamed-2048x453.png 2048w, https:\/\/nubesmgzdigital.com.ar\/wp-content\/uploads\/2021\/10\/unnamed-696x154.png 696w, https:\/\/nubesmgzdigital.com.ar\/wp-content\/uploads\/2021\/10\/unnamed-1068x236.png 1068w, https:\/\/nubesmgzdigital.com.ar\/wp-content\/uploads\/2021\/10\/unnamed-1899x420.png 1899w\" sizes=\"auto, (max-width: 1024px) 100vw, 1024px\" \/><\/a><\/figure>\n","protected":false},"excerpt":{"rendered":"<p>En v\u00edsperas de la reapertura de las fronteras para todo el mundo, Argentina participa de la feria tur\u00edstica m\u00e1s importante de Francia. Reuniones con aerol\u00edneas, agencias y medios franceses marcaron el pulso del primer d\u00eda. Alegr\u00eda y expectativa por lo que viene. El empresario franc\u00e9s recibi\u00f3 con mucha ilusi\u00f3n la reapertura de fronteras de la [&hellip;]<\/p>\n","protected":false},"author":2,"featured_media":8452,"comment_status":"open","ping_status":"open","sticky":false,"template":"","format":"standard","meta":{"footnotes":""},"categories":[111],"tags":[],"class_list":["post-8451","post","type-post","status-publish","format-standard","has-post-thumbnail","hentry","category-nacional"],"post_mailing_queue_ids":[],"_links":{"self":[{"href":"https:\/\/nubesmgzdigital.com.ar\/index.php\/wp-json\/wp\/v2\/posts\/8451","targetHints":{"allow":["GET"]}}],"collection":[{"href":"https:\/\/nubesmgzdigital.com.ar\/index.php\/wp-json\/wp\/v2\/posts"}],"about":[{"href":"https:\/\/nubesmgzdigital.com.ar\/index.php\/wp-json\/wp\/v2\/types\/post"}],"author":[{"embeddable":true,"href":"https:\/\/nubesmgzdigital.com.ar\/index.php\/wp-json\/wp\/v2\/users\/2"}],"replies":[{"embeddable":true,"href":"https:\/\/nubesmgzdigital.com.ar\/index.php\/wp-json\/wp\/v2\/comments?post=8451"}],"version-history":[{"count":1,"href":"https:\/\/nubesmgzdigital.com.ar\/index.php\/wp-json\/wp\/v2\/posts\/8451\/revisions"}],"predecessor-version":[{"id":8453,"href":"https:\/\/nubesmgzdigital.com.ar\/index.php\/wp-json\/wp\/v2\/posts\/8451\/revisions\/8453"}],"wp:featuredmedia":[{"embeddable":true,"href":"https:\/\/nubesmgzdigital.com.ar\/index.php\/wp-json\/wp\/v2\/media\/8452"}],"wp:attachment":[{"href":"https:\/\/nubesmgzdigital.com.ar\/index.php\/wp-json\/wp\/v2\/media?parent=8451"}],"wp:term":[{"taxonomy":"category","embeddable":true,"href":"https:\/\/nubesmgzdigital.com.ar\/index.php\/wp-json\/wp\/v2\/categories?post=8451"},{"taxonomy":"post_tag","embeddable":true,"href":"https:\/\/nubesmgzdigital.com.ar\/index.php\/wp-json\/wp\/v2\/tags?post=8451"}],"curies":[{"name":"wp","href":"https:\/\/api.w.org\/{rel}","templated":true}]}}