{"id":8579,"date":"2021-10-15T13:39:46","date_gmt":"2021-10-15T16:39:46","guid":{"rendered":"http:\/\/nubesmgzdigital.com.ar\/?p=8579"},"modified":"2021-10-15T13:39:48","modified_gmt":"2021-10-15T16:39:48","slug":"lammens-en-el-v-foro-nacional-de-turismo-rural-y-naturaleza-came","status":"publish","type":"post","link":"https:\/\/nubesmgzdigital.com.ar\/index.php\/2021\/10\/15\/lammens-en-el-v-foro-nacional-de-turismo-rural-y-naturaleza-came\/","title":{"rendered":"Lammens en el V Foro Nacional de Turismo Rural y Naturaleza CAME"},"content":{"rendered":"\n<p><strong><em>El Ministro particip\u00f3 en la apertura del evento que se realiz\u00f3 en la provincia del Chaco<\/em><\/strong><\/p>\n\n\n\n<p>Bajo el lema \u201cExperiencia Rural &#8211; Innovaci\u00f3n y transformaci\u00f3n digital\u201d se llev\u00f3 a cabo el&nbsp;<strong>V Foro Nacional de Turismo Rural y Naturaleza<\/strong>&nbsp;en la ciudad de Resistencia, organizado por la&nbsp;<strong>Confederaci\u00f3n Argentina de la Mediana Empresa<\/strong>&nbsp;(CAME) y la&nbsp;<strong>Federaci\u00f3n Econ\u00f3mica del Chaco<\/strong>&nbsp;(FEChaco), con el acompa\u00f1amiento del&nbsp;<strong>Ministerio de Turismo y Deportes de la Naci\u00f3n<\/strong>, organismos nacionales y provinciales.<\/p>\n\n\n\n<p>El ministro de Turismo y Deportes,&nbsp;<strong>Mat\u00edas Lammens<\/strong>, estuvo presente en el evento junto al gobernador de la provincia del Chaco,&nbsp;<strong>Jorge Capitanich<\/strong>; y al presidente de la CAME,&nbsp;<strong>Alfredo Gonz\u00e1lez<\/strong>, entre otras autoridades. En este sentido,&nbsp;<strong>Lammens<\/strong>&nbsp;asegur\u00f3:&nbsp;<em>\u201cEl rol del Estado es estar presente y que genere condiciones para que el sector privado invierta, se necesita desarrollo e infraestructura. Por eso generamos condiciones para que el turista disfrute a largo plazo y que el turismo impacte cada vez m\u00e1s en el PBI. Es una actividad estrat\u00e9gica y es donde m\u00e1s invertimos, para cuidar el sector, que es determinante en el desarrollo de la econom\u00eda y para generar divisas\u201d<\/em>.<\/p>\n\n\n\n<figure class=\"wp-block-embed alignright is-type-video is-provider-youtube wp-block-embed-youtube wp-embed-aspect-16-9 wp-has-aspect-ratio\"><div class=\"wp-block-embed__wrapper\">\n<iframe loading=\"lazy\"  id=\"_ytid_25880\"  width=\"640\" height=\"360\"  data-origwidth=\"640\" data-origheight=\"360\" src=\"https:\/\/www.youtube.com\/embed\/XkEWxQxZVHM?enablejsapi=1&#038;autoplay=0&#038;cc_load_policy=0&#038;cc_lang_pref=&#038;iv_load_policy=1&#038;loop=0&#038;rel=1&#038;fs=1&#038;playsinline=0&#038;autohide=2&#038;theme=dark&#038;color=red&#038;controls=1&#038;disablekb=0&#038;\" class=\"__youtube_prefs__  epyt-is-override  no-lazyload\" title=\"YouTube player\"  allow=\"fullscreen; accelerometer; autoplay; clipboard-write; encrypted-media; gyroscope; picture-in-picture; web-share\" referrerpolicy=\"strict-origin-when-cross-origin\" allowfullscreen data-no-lazy=\"1\" data-skipgform_ajax_framebjll=\"\"><\/iframe>\n<\/div><\/figure>\n\n\n\n<p>Adem\u00e1s el Ministro resalt\u00f3 la importancia del turismo de naturaleza porque&nbsp;<em>\u201clos destinos naturales est\u00e1n entre lo m\u00e1s buscado por los turistas del mundo y generan oportunidades laborales que impactan positivamente en las econom\u00edas regionales de todo el pa\u00eds\u201d<\/em>. Por su parte, el gobernador&nbsp;<strong>Capitanich<\/strong>&nbsp;asever\u00f3:&nbsp;<em>\u201cEntendemos como prioritario potenciar el turismo de aventura y rural porque el 70% de nuestra superficie es territorio natural, con nuestros parques, reservas y corredores. El turismo tiene un efecto multiplicador del empleo y es reactivador de la cadena econ\u00f3mica, por eso trabajamos para garantizar la mejor atenci\u00f3n ante la demanda\u201d<\/em>.<\/p>\n\n\n\n<p>Por \u00faltimo, el&nbsp;<strong>presidente de la CAME<\/strong>&nbsp;agradeci\u00f3 el trabajo en conjunto y subray\u00f3&nbsp;<em>\u201cla importancia de apuntalar con pol\u00edticas diferenciadas para fortalecer las regiones del pa\u00eds, potenciar cada lugar para que se creen empresas en Argentina, porque donde hay una PyME hay una familia trabajando\u201d<\/em>.<\/p>\n\n\n\n<p>En el marco del Foro tambi\u00e9n disert\u00f3 el subsecretario de Promoci\u00f3n Tur\u00edstica del MinTurDep,&nbsp;<strong>Andr\u00e9s Krymer<\/strong>, quien afirm\u00f3:&nbsp;<em>\u201cEstamos muy conformes con los resultados de PreViaje, que favoreci\u00f3 los viajes de larga distancia y turismo de naturaleza y alentamos que incorporen las experiencias naturales en el plan\u201d<\/em>. Destac\u00f3 que el programa inyect\u00f3&nbsp;<strong>30 mil millones de pesos<\/strong>&nbsp;al turismo.<\/p>\n\n\n\n<p>Durante la jornada, especialistas, disertantes y autoridades compartieron informaci\u00f3n y experiencias relacionadas al&nbsp;<strong>turismo de naturaleza y el impacto y la influencia de la tecnolog\u00eda en su desarrollo y promoci\u00f3n<\/strong>. El evento busca brindar herramientas para que los emprendedores logren un&nbsp;<strong>mejor posicionamiento y puedan construir ofertas atractivas<\/strong>&nbsp;que sean experiencias memorables para los turistas.<\/p>\n\n\n\n<figure class=\"wp-block-image size-full is-style-rounded\"><a href=\"https:\/\/www.argentina.gob.ar\/noticias\/lammens-en-el-v-foro-nacional-de-turismo-rural-y-naturaleza-came\" target=\"_blank\" rel=\"noopener\"><img loading=\"lazy\" decoding=\"async\" width=\"779\" height=\"142\" src=\"http:\/\/nubesmgzdigital.com.ar\/wp-content\/uploads\/2021\/10\/779x142-2.png\" alt=\"\" class=\"wp-image-8565\" srcset=\"https:\/\/nubesmgzdigital.com.ar\/wp-content\/uploads\/2021\/10\/779x142-2.png 779w, https:\/\/nubesmgzdigital.com.ar\/wp-content\/uploads\/2021\/10\/779x142-2-300x55.png 300w, https:\/\/nubesmgzdigital.com.ar\/wp-content\/uploads\/2021\/10\/779x142-2-768x140.png 768w, https:\/\/nubesmgzdigital.com.ar\/wp-content\/uploads\/2021\/10\/779x142-2-696x127.png 696w\" sizes=\"auto, (max-width: 779px) 100vw, 779px\" \/><\/a><\/figure>\n\n\n","protected":false},"excerpt":{"rendered":"<p>El Ministro particip\u00f3 en la apertura del evento que se realiz\u00f3 en la provincia del Chaco Bajo el lema \u201cExperiencia Rural &#8211; Innovaci\u00f3n y transformaci\u00f3n digital\u201d se llev\u00f3 a cabo el&nbsp;V Foro Nacional de Turismo Rural y Naturaleza&nbsp;en la ciudad de Resistencia, organizado por la&nbsp;Confederaci\u00f3n Argentina de la Mediana Empresa&nbsp;(CAME) y la&nbsp;Federaci\u00f3n Econ\u00f3mica del Chaco&nbsp;(FEChaco), [&hellip;]<\/p>\n","protected":false},"author":2,"featured_media":8580,"comment_status":"open","ping_status":"open","sticky":false,"template":"","format":"standard","meta":{"footnotes":""},"categories":[112,2],"tags":[],"class_list":["post-8579","post","type-post","status-publish","format-standard","has-post-thumbnail","hentry","category-eventos","category-nea"],"post_mailing_queue_ids":[],"_links":{"self":[{"href":"https:\/\/nubesmgzdigital.com.ar\/index.php\/wp-json\/wp\/v2\/posts\/8579","targetHints":{"allow":["GET"]}}],"collection":[{"href":"https:\/\/nubesmgzdigital.com.ar\/index.php\/wp-json\/wp\/v2\/posts"}],"about":[{"href":"https:\/\/nubesmgzdigital.com.ar\/index.php\/wp-json\/wp\/v2\/types\/post"}],"author":[{"embeddable":true,"href":"https:\/\/nubesmgzdigital.com.ar\/index.php\/wp-json\/wp\/v2\/users\/2"}],"replies":[{"embeddable":true,"href":"https:\/\/nubesmgzdigital.com.ar\/index.php\/wp-json\/wp\/v2\/comments?post=8579"}],"version-history":[{"count":1,"href":"https:\/\/nubesmgzdigital.com.ar\/index.php\/wp-json\/wp\/v2\/posts\/8579\/revisions"}],"predecessor-version":[{"id":8581,"href":"https:\/\/nubesmgzdigital.com.ar\/index.php\/wp-json\/wp\/v2\/posts\/8579\/revisions\/8581"}],"wp:featuredmedia":[{"embeddable":true,"href":"https:\/\/nubesmgzdigital.com.ar\/index.php\/wp-json\/wp\/v2\/media\/8580"}],"wp:attachment":[{"href":"https:\/\/nubesmgzdigital.com.ar\/index.php\/wp-json\/wp\/v2\/media?parent=8579"}],"wp:term":[{"taxonomy":"category","embeddable":true,"href":"https:\/\/nubesmgzdigital.com.ar\/index.php\/wp-json\/wp\/v2\/categories?post=8579"},{"taxonomy":"post_tag","embeddable":true,"href":"https:\/\/nubesmgzdigital.com.ar\/index.php\/wp-json\/wp\/v2\/tags?post=8579"}],"curies":[{"name":"wp","href":"https:\/\/api.w.org\/{rel}","templated":true}]}}