{"id":8609,"date":"2021-10-20T09:53:33","date_gmt":"2021-10-20T12:53:33","guid":{"rendered":"https:\/\/nubesmgzdigital.com.ar\/?p=8609"},"modified":"2021-10-20T09:53:35","modified_gmt":"2021-10-20T12:53:35","slug":"el-presidente-y-lammens-se-reunieron-con-el-sector-turistico-en-puerto-madryn","status":"publish","type":"post","link":"https:\/\/nubesmgzdigital.com.ar\/index.php\/2021\/10\/20\/el-presidente-y-lammens-se-reunieron-con-el-sector-turistico-en-puerto-madryn\/","title":{"rendered":"El Presidente y Lammens se reunieron con el sector tur\u00edstico en Puerto Madryn"},"content":{"rendered":"\n<h3 class=\"wp-block-heading\">En el marco de las actividades del Gabinete Federal.<\/h3>\n\n\n\n<p>El presidente de la Naci\u00f3n,&nbsp;<strong>Alberto Fern\u00e1ndez<\/strong>; el ministro de Turismo y Deportes,&nbsp;<strong>Mat\u00edas Lammens<\/strong>; el vicegobernador de la provincia del Chubut,&nbsp;<strong>Ricardo Sastre<\/strong>; y el intendente de la Municipalidad de Puerto Madryn,&nbsp;<strong>Gustavo Sastre<\/strong>, llevaron adelante un encuentro con representantes del sector tur\u00edstico en la ciudad patag\u00f3nica.<\/p>\n\n\n\n<p>Durante la reuni\u00f3n, el Presidente afirm\u00f3:&nbsp;<em>\u201cEl turismo es una enorme industria sin humo, que genera un mont\u00f3n de actividad impresionante, que moviliza muchos recursos y que recurre a mano de obra intensiva. Queremos que este verano la Argentina se llene de turismo a lo largo y a lo ancho del pa\u00eds\u201d<\/em>.<\/p>\n\n\n\n<p>Por su parte, el ministro de Turismo y Deportes de la Naci\u00f3n,&nbsp;<strong>Mat\u00edas Lammens<\/strong>: asegur\u00f3:&nbsp;<em>\u201cEl Presidente conform\u00f3 este Ministerio convencido de que el turismo iba a ser uno de los grandes ejes del desarrollo econ\u00f3mico de la Argentina. Nos encontramos con la pandemia, que puso a las PyMEs en riesgo y tuvimos que actuar r\u00e1pido para sostener al sector. En un momento dif\u00edcil, lanzamos PreViaje, que fue un \u00e9xito total en su primera etapa, y que en estos meses ya triplic\u00f3 esos n\u00fameros y nos prepara para una temporada de verano hist\u00f3rica\u201d<\/em>.<\/p>\n\n\n\n<p>Participaron tambi\u00e9n del encuentro los ministros de Interior,&nbsp;<strong>Eduardo de Pedro<\/strong>; Desarrollo Productivo,&nbsp;<strong>Mat\u00edas Kulfas<\/strong>; Ambiente y Desarrollo Sostenible,&nbsp;<strong>Juan Cabandi\u00e9<\/strong>; Mujeres, G\u00e9neros y Diversidad,&nbsp;<strong>Elizabeth G\u00f3mez Alcorta<\/strong>; Obras P\u00fablicas,&nbsp;<strong>Gabriel Katopodis<\/strong>; Ciencia, Tecnolog\u00eda e Innovaci\u00f3n,&nbsp;<strong>Daniel Filmus<\/strong>; y Justicia y Derechos Humanos,&nbsp;<strong>Mart\u00edn Soria<\/strong>; el secretario general de la Presidencia,&nbsp;<strong>Julio Vitobello<\/strong>, y la senadora nacional&nbsp;<strong>Nancy Gonz\u00e1lez<\/strong>.<\/p>\n\n\n\n<p>Adem\u00e1s, el vicegobernador de la provincia del Chubut,&nbsp;<strong>Ricardo Sastre<\/strong>, declar\u00f3:&nbsp;<em>\u201cHemos venido trabajando articuladamente para poner de pie a la provincia. Este es el camino: con un Presidente que est\u00e1 ac\u00e1, escuchando de primera mano cu\u00e1l es la realidad y las necesidades de la gente. No tengo ninguna duda: vamos a salir adelante\u201d<\/em>. En el mismo sentido, el intendente de Puerto Madryn,&nbsp;<strong>Gustavo Sastre<\/strong>, agreg\u00f3:&nbsp;<em>\u201cTrabajamos mucho con el sector privado y con el ministro Lammens para sostener al turismo en un momento dif\u00edcil. Gracias a un gran programa como PreViaje, Puerto Madryn es uno de los destinos m\u00e1s elegidos del pa\u00eds. La reactivaci\u00f3n empez\u00f3\u201d<\/em>.<\/p>\n\n\n\n<p>La presidenta de la Asociaci\u00f3n de Agencias de Viajes y Turismo de Pen\u00ednsula Vald\u00e9s,&nbsp;<strong>Leticia Ben\u00edtez<\/strong>, finaliz\u00f3:&nbsp;<em>\u201cEstamos muy agradecidos al Estado nacional por toda la ayuda que nos brind\u00f3 en el momento m\u00e1s dif\u00edcil. Luego de mucha tristeza, hubo l\u00e1grimas de alegr\u00eda cuando anunciamos la \u00faltima temporada. Durante el \u00faltimo fin de semana largo tuvimos que pedir a turistas que no vengan porque hab\u00edamos superado el 100% alojamiento. Quiero agradecer a Mat\u00edas de persona personal, PreViaje fue una herramienta fundamental, sobre todo para las agencias de viajes. Hoy estamos trabajando, esperando un noviembre espectacular y un verano mejor\u201d<\/em>.<\/p>\n\n\n\n<p>La diputada provincial&nbsp;<strong>Xenia Gabella<\/strong>; el ministro de Turismo de la provincia del Chubut,&nbsp;<strong>N\u00e9stor Garc\u00eda<\/strong>; el secretario de Turismo de Puerto Madryn,&nbsp;<strong>Marcos Grosso<\/strong>; y representantes de la C\u00e1mara Argentina de Turismo; la Asociaci\u00f3n de Operadores de Buceo; la Asociaci\u00f3n de Gu\u00edas Profesionales de Turismo; la Asociaci\u00f3n de Agencias de Viajes y Turismo de Pen\u00ednsula Vald\u00e9s; la Asociaci\u00f3n de Hoteles de Turismo de la Rep\u00fablica Argentina; la C\u00e1mara de Industria, Comercio, Producci\u00f3n y Turismo de Puerto Madryn; la Red de Alquileres Temporarios; la C\u00e1mara de Comercio, Turismo, Ganader\u00eda y Pesca de Pen\u00ednsula Vald\u00e9s; el Consejo de la Administraci\u00f3n Portuaria de Puerto Madryn; la C\u00e1mara de Balleneros y la Uni\u00f3n de Trabajadores del Turismo, Hoteleros y Gastron\u00f3micos de la Rep\u00fablica Argentina tambi\u00e9n participaron del encuentro encabezado por el Presidente.<\/p>\n\n\n\n<figure class=\"wp-block-image size-full is-style-rounded\"><a href=\"https:\/\/www.argentina.gob.ar\/noticias\/el-presidente-y-lammens-se-reunieron-con-el-sector-turistico-en-puerto-madryn\" target=\"_blank\" rel=\"noopener\"><img decoding=\"async\" src=\"http:\/\/nubesmgzdigital.com.ar\/wp-content\/uploads\/2021\/10\/779x142-1.png\" alt=\"\" class=\"wp-image-8561\"\/><\/a><\/figure>\n","protected":false},"excerpt":{"rendered":"<p>En el marco de las actividades del Gabinete Federal. El presidente de la Naci\u00f3n,&nbsp;Alberto Fern\u00e1ndez; el ministro de Turismo y Deportes,&nbsp;Mat\u00edas Lammens; el vicegobernador de la provincia del Chubut,&nbsp;Ricardo Sastre; y el intendente de la Municipalidad de Puerto Madryn,&nbsp;Gustavo Sastre, llevaron adelante un encuentro con representantes del sector tur\u00edstico en la ciudad patag\u00f3nica. Durante la [&hellip;]<\/p>\n","protected":false},"author":2,"featured_media":8610,"comment_status":"open","ping_status":"open","sticky":false,"template":"","format":"standard","meta":{"footnotes":""},"categories":[111],"tags":[],"class_list":["post-8609","post","type-post","status-publish","format-standard","has-post-thumbnail","hentry","category-nacional"],"post_mailing_queue_ids":[],"_links":{"self":[{"href":"https:\/\/nubesmgzdigital.com.ar\/index.php\/wp-json\/wp\/v2\/posts\/8609","targetHints":{"allow":["GET"]}}],"collection":[{"href":"https:\/\/nubesmgzdigital.com.ar\/index.php\/wp-json\/wp\/v2\/posts"}],"about":[{"href":"https:\/\/nubesmgzdigital.com.ar\/index.php\/wp-json\/wp\/v2\/types\/post"}],"author":[{"embeddable":true,"href":"https:\/\/nubesmgzdigital.com.ar\/index.php\/wp-json\/wp\/v2\/users\/2"}],"replies":[{"embeddable":true,"href":"https:\/\/nubesmgzdigital.com.ar\/index.php\/wp-json\/wp\/v2\/comments?post=8609"}],"version-history":[{"count":1,"href":"https:\/\/nubesmgzdigital.com.ar\/index.php\/wp-json\/wp\/v2\/posts\/8609\/revisions"}],"predecessor-version":[{"id":8611,"href":"https:\/\/nubesmgzdigital.com.ar\/index.php\/wp-json\/wp\/v2\/posts\/8609\/revisions\/8611"}],"wp:featuredmedia":[{"embeddable":true,"href":"https:\/\/nubesmgzdigital.com.ar\/index.php\/wp-json\/wp\/v2\/media\/8610"}],"wp:attachment":[{"href":"https:\/\/nubesmgzdigital.com.ar\/index.php\/wp-json\/wp\/v2\/media?parent=8609"}],"wp:term":[{"taxonomy":"category","embeddable":true,"href":"https:\/\/nubesmgzdigital.com.ar\/index.php\/wp-json\/wp\/v2\/categories?post=8609"},{"taxonomy":"post_tag","embeddable":true,"href":"https:\/\/nubesmgzdigital.com.ar\/index.php\/wp-json\/wp\/v2\/tags?post=8609"}],"curies":[{"name":"wp","href":"https:\/\/api.w.org\/{rel}","templated":true}]}}