{"id":8756,"date":"2021-11-01T10:00:10","date_gmt":"2021-11-01T13:00:10","guid":{"rendered":"https:\/\/nubesmgzdigital.com.ar\/?p=8756"},"modified":"2021-11-01T10:00:12","modified_gmt":"2021-11-01T13:00:12","slug":"el-presidente-alberto-fernandez-ya-participa-de-la-cumbre-de-lideres-del-cop26-principal-foro-mundial-dedicado-al-cambio-climatico","status":"publish","type":"post","link":"https:\/\/nubesmgzdigital.com.ar\/index.php\/2021\/11\/01\/el-presidente-alberto-fernandez-ya-participa-de-la-cumbre-de-lideres-del-cop26-principal-foro-mundial-dedicado-al-cambio-climatico\/","title":{"rendered":"El Presidente Alberto Fern\u00e1ndez ya participa de la Cumbre de L\u00edderes del COP26, principal foro mundial dedicado al cambio clim\u00e1tico"},"content":{"rendered":"\n<p><strong><em>El presidente comenz\u00f3 hoy su participaci\u00f3n en la Cumbre de L\u00edderes de la 26\u00aa Conferencia de las Partes en la Convenci\u00f3n Marco de las Naciones Unidas sobre el Cambio Clim\u00e1tico (COP26), que se extender\u00e1 hasta ma\u00f1ana en la ciudad escocesa de Glasgow.<\/em><\/strong><\/p>\n\n\n\n<p>A su llegada al Scottish Event Campus, sede del evento, alrededor de las 7, el mandatario argentino fue recibido por el primer ministro del Reino Unido de Gran Breta\u00f1a e Irlanda del Norte, Boris Johnson, y por el secretario general de las Naciones Unidas, Ant\u00f3nio Guterres.<\/p>\n\n\n\n<p>Fern\u00e1ndez asiste a este foro mundial con el objeto de reafirmar el compromiso de la Argentina de poner a la acci\u00f3n clim\u00e1tica y ambiental en el centro de las prioridades, as\u00ed como la necesidad de avanzar en el principio de responsabilidades comunes pero diferenciadas para que los esfuerzos de reducci\u00f3n de emisiones tengan en cuenta las vulnerabilidades y diferentes capacidades que existen en los pa\u00edses en desarrollo.<\/p>\n\n\n\n<p>Al t\u00e9rmino de la ceremonia inaugural, a cargo del primer ministro brit\u00e1nico, Fern\u00e1ndez form\u00f3 parte de la sesi\u00f3n plenaria de la COP26, que se inici\u00f3 a las 10, para luego intervenir, a partir de las 11.30, en el evento de Alto Nivel sobre \u201cAcci\u00f3n y Solidaridad: La D\u00e9cada Cr\u00edtica\u201d, que es presidido por Jhonson y por su par italiano, Mario Draghi.<\/p>\n\n\n\n<p>En un tiempo disponible durante el desarrollo de la Cumbre, el Presidente argentino tiene en agenda mantener sendos encuentros bilaterales con su par de la Rep\u00fablica de Costa Rica, Carlos Alvarado Quesada, a las 10; y con su par de Confederaci\u00f3n Suiza, Guy Parmelin, a las 11.<\/p>\n\n\n\n<p>A las 13, a su vez, encabezar\u00e1 una reuni\u00f3n con empresarios; y a las 13.45 compartir\u00e1 una reuni\u00f3n bilateral con la secretaria general de las Naciones Unidas sobre el Cambio Clim\u00e1tico, Patricia Espinosa,<\/p>\n\n\n\n<p>A partir de las 14 se trasladar\u00e1 junto a los restantes jefes de Estado y de Gobierno al Kelvingrove Art Gallery Museum, donde participar\u00e1 de la recepci\u00f3n ofrecida por el premier y posteriormente tendr\u00e1n lugar los discursos de bienvenida y la tradicional foto oficial.<\/p>\n\n\n\n<p>El Presidente est\u00e1 acompa\u00f1ado por la primera dama, Fabiola Ya\u00f1ez; los ministros de Relaciones Exteriores, Comercio Internacional y Culto, Santiago Cafiero; de Agricultura, Ganader\u00eda y Pesca, Juli\u00e1n Dom\u00ednguez; de Ambiente y Desarrollo Sostenible, Juan Cabandi\u00e9; y de Desarrollo Productivo, Mat\u00edas Kulfas; la secretaria de Relaciones Econ\u00f3micas Internacionales, Cecilia Todesca; el secretario General de la Presidencia, Julio Vitobello; el Jefe de Gabinete de Asesores, Juan Manuel Olmos; la portavoz de la Presidencia, Gabriela Cerruti; la asesora presidencial, Cecilia Nicolini; y el subsecretario de Comunicaci\u00f3n y Prensa, Marcelo Mart\u00edn.<\/p>\n","protected":false},"excerpt":{"rendered":"<p>El presidente comenz\u00f3 hoy su participaci\u00f3n en la Cumbre de L\u00edderes de la 26\u00aa Conferencia de las Partes en la Convenci\u00f3n Marco de las Naciones Unidas sobre el Cambio Clim\u00e1tico (COP26), que se extender\u00e1 hasta ma\u00f1ana en la ciudad escocesa de Glasgow. A su llegada al Scottish Event Campus, sede del evento, alrededor de las [&hellip;]<\/p>\n","protected":false},"author":2,"featured_media":8757,"comment_status":"open","ping_status":"open","sticky":false,"template":"","format":"standard","meta":{"footnotes":""},"categories":[138],"tags":[],"class_list":["post-8756","post","type-post","status-publish","format-standard","has-post-thumbnail","hentry","category-medio-ambiente"],"post_mailing_queue_ids":[],"_links":{"self":[{"href":"https:\/\/nubesmgzdigital.com.ar\/index.php\/wp-json\/wp\/v2\/posts\/8756","targetHints":{"allow":["GET"]}}],"collection":[{"href":"https:\/\/nubesmgzdigital.com.ar\/index.php\/wp-json\/wp\/v2\/posts"}],"about":[{"href":"https:\/\/nubesmgzdigital.com.ar\/index.php\/wp-json\/wp\/v2\/types\/post"}],"author":[{"embeddable":true,"href":"https:\/\/nubesmgzdigital.com.ar\/index.php\/wp-json\/wp\/v2\/users\/2"}],"replies":[{"embeddable":true,"href":"https:\/\/nubesmgzdigital.com.ar\/index.php\/wp-json\/wp\/v2\/comments?post=8756"}],"version-history":[{"count":1,"href":"https:\/\/nubesmgzdigital.com.ar\/index.php\/wp-json\/wp\/v2\/posts\/8756\/revisions"}],"predecessor-version":[{"id":8758,"href":"https:\/\/nubesmgzdigital.com.ar\/index.php\/wp-json\/wp\/v2\/posts\/8756\/revisions\/8758"}],"wp:featuredmedia":[{"embeddable":true,"href":"https:\/\/nubesmgzdigital.com.ar\/index.php\/wp-json\/wp\/v2\/media\/8757"}],"wp:attachment":[{"href":"https:\/\/nubesmgzdigital.com.ar\/index.php\/wp-json\/wp\/v2\/media?parent=8756"}],"wp:term":[{"taxonomy":"category","embeddable":true,"href":"https:\/\/nubesmgzdigital.com.ar\/index.php\/wp-json\/wp\/v2\/categories?post=8756"},{"taxonomy":"post_tag","embeddable":true,"href":"https:\/\/nubesmgzdigital.com.ar\/index.php\/wp-json\/wp\/v2\/tags?post=8756"}],"curies":[{"name":"wp","href":"https:\/\/api.w.org\/{rel}","templated":true}]}}