{"id":8759,"date":"2021-11-01T10:36:42","date_gmt":"2021-11-01T13:36:42","guid":{"rendered":"https:\/\/nubesmgzdigital.com.ar\/?p=8759"},"modified":"2021-11-01T10:36:44","modified_gmt":"2021-11-01T13:36:44","slug":"argentina-presento-previaje-ante-autoridades-de-turismo-de-ecuador","status":"publish","type":"post","link":"https:\/\/nubesmgzdigital.com.ar\/index.php\/2021\/11\/01\/argentina-presento-previaje-ante-autoridades-de-turismo-de-ecuador\/","title":{"rendered":"Argentina present\u00f3 PreViaje ante autoridades de turismo de Ecuador"},"content":{"rendered":"\n<h4 class=\"wp-block-heading\">Para compartir la exitosa experiencia del programa, como ya se hizo con Paraguay y Per\u00fa<\/h4>\n\n\n\n<p>El subsecretario de Promoci\u00f3n Tur\u00edstica y Nuevos Productos del Ministerio de Turismo y Deportes de la Naci\u00f3n, Andr\u00e9s Krymer, present\u00f3 el programa PreViaje ante autoridades de turismo de Ecuador, como se realiz\u00f3 anteriormente con Per\u00fa y Paraguay, con quien tambi\u00e9n se firm\u00f3 una cooperada.<\/p>\n\n\n\n<p>En este sentido Krymer afirm\u00f3: \u201cEl impacto ha sido muy bueno, ayud\u00f3 a sostener el sector y las empresas, con un uso eficiente del gasto p\u00fablico y permiti\u00f3 llegar a grandes prestadores y peque\u00f1os emprendedores\u201d.<\/p>\n\n\n\n<p>\u201cEl programa genera dinamismo en las econom\u00edas regionales que dependen del turismo y permiti\u00f3 desestacionalizar la temporada baja, demostrando capacidad de movilizar demanda. En lo que va de la segunda edici\u00f3n se inyect\u00f3 m\u00e1s del triple de dinero que en la primera\u201d, agreg\u00f3.<\/p>\n\n\n\n<figure class=\"wp-block-image\"><img decoding=\"async\" src=\"https:\/\/www.argentina.gob.ar\/sites\/default\/files\/presentacion_previaje_ecuador_2.jpeg\" alt=\"\"\/><\/figure>\n\n\n\n<p>De Ecuador particip\u00f3 la subsecretaria de Promoci\u00f3n del Ministerio de Turismo, Nathalia Ulloa, quien agradeci\u00f3 a Argentina por \u201cfacilitar este espacio que nos permite compartir ideas para desarrollarnos y mejorar\u201d y asegur\u00f3: \u201cnos interesa invitar a los ciudadanos a descubrir nuestro propio pa\u00eds y fomentar el turismo interno, que dinamiza la econom\u00eda y favorece a los sectores rurales\u201d.<\/p>\n\n\n\n<p>\u201cDesde Despegar, promovemos de forma constante todas las instancias posibles de di\u00e1logo, compartiendo las mejores pr\u00e1cticas de los distintos pa\u00edses en los que operamos. La experiencia de la creaci\u00f3n y desarrollo del Plan Previaje result\u00f3 en un gran incentivo para los viajeros a la vez que un enorme potenciador para la industria del turismo. Es por esto que nos entusiasma la posibilidad de verlo replicado en otros pa\u00edses. Como Compa\u00f1\u00eda lider de la industria en la regi\u00f3n, para nosotros es un orgullo poder colaborar en generar estos puentes para que el sector siga creciendo y robusteci\u00e9ndose cada d\u00eda m\u00e1s\u201c, coment\u00f3 Paula Cristi, Gerente General de Despegar Argentina y Uruguay.<\/p>\n\n\n\n<p>Adem\u00e1s estuvieron presentes representantes de la agencia Despegar de Argentina y Ecuador.<\/p>\n\n\n\n<figure class=\"wp-block-image size-full is-style-rounded\"><a href=\"https:\/\/www.argentina.gob.ar\/noticias\/argentina-presento-previaje-ante-autoridades-de-turismo-de-ecuador\" target=\"_blank\" rel=\"noopener\"><img loading=\"lazy\" decoding=\"async\" width=\"779\" height=\"142\" src=\"http:\/\/nubesmgzdigital.com.ar\/wp-content\/uploads\/2021\/10\/779x142-2.png\" alt=\"\" class=\"wp-image-8565\" srcset=\"https:\/\/nubesmgzdigital.com.ar\/wp-content\/uploads\/2021\/10\/779x142-2.png 779w, https:\/\/nubesmgzdigital.com.ar\/wp-content\/uploads\/2021\/10\/779x142-2-300x55.png 300w, https:\/\/nubesmgzdigital.com.ar\/wp-content\/uploads\/2021\/10\/779x142-2-768x140.png 768w, https:\/\/nubesmgzdigital.com.ar\/wp-content\/uploads\/2021\/10\/779x142-2-696x127.png 696w\" sizes=\"auto, (max-width: 779px) 100vw, 779px\" \/><\/a><\/figure>\n\n\n","protected":false},"excerpt":{"rendered":"<p>Para compartir la exitosa experiencia del programa, como ya se hizo con Paraguay y Per\u00fa El subsecretario de Promoci\u00f3n Tur\u00edstica y Nuevos Productos del Ministerio de Turismo y Deportes de la Naci\u00f3n, Andr\u00e9s Krymer, present\u00f3 el programa PreViaje ante autoridades de turismo de Ecuador, como se realiz\u00f3 anteriormente con Per\u00fa y Paraguay, con quien tambi\u00e9n [&hellip;]<\/p>\n","protected":false},"author":2,"featured_media":8760,"comment_status":"open","ping_status":"open","sticky":false,"template":"","format":"standard","meta":{"footnotes":""},"categories":[113],"tags":[],"class_list":["post-8759","post","type-post","status-publish","format-standard","has-post-thumbnail","hentry","category-internacional"],"post_mailing_queue_ids":[],"_links":{"self":[{"href":"https:\/\/nubesmgzdigital.com.ar\/index.php\/wp-json\/wp\/v2\/posts\/8759","targetHints":{"allow":["GET"]}}],"collection":[{"href":"https:\/\/nubesmgzdigital.com.ar\/index.php\/wp-json\/wp\/v2\/posts"}],"about":[{"href":"https:\/\/nubesmgzdigital.com.ar\/index.php\/wp-json\/wp\/v2\/types\/post"}],"author":[{"embeddable":true,"href":"https:\/\/nubesmgzdigital.com.ar\/index.php\/wp-json\/wp\/v2\/users\/2"}],"replies":[{"embeddable":true,"href":"https:\/\/nubesmgzdigital.com.ar\/index.php\/wp-json\/wp\/v2\/comments?post=8759"}],"version-history":[{"count":1,"href":"https:\/\/nubesmgzdigital.com.ar\/index.php\/wp-json\/wp\/v2\/posts\/8759\/revisions"}],"predecessor-version":[{"id":8761,"href":"https:\/\/nubesmgzdigital.com.ar\/index.php\/wp-json\/wp\/v2\/posts\/8759\/revisions\/8761"}],"wp:featuredmedia":[{"embeddable":true,"href":"https:\/\/nubesmgzdigital.com.ar\/index.php\/wp-json\/wp\/v2\/media\/8760"}],"wp:attachment":[{"href":"https:\/\/nubesmgzdigital.com.ar\/index.php\/wp-json\/wp\/v2\/media?parent=8759"}],"wp:term":[{"taxonomy":"category","embeddable":true,"href":"https:\/\/nubesmgzdigital.com.ar\/index.php\/wp-json\/wp\/v2\/categories?post=8759"},{"taxonomy":"post_tag","embeddable":true,"href":"https:\/\/nubesmgzdigital.com.ar\/index.php\/wp-json\/wp\/v2\/tags?post=8759"}],"curies":[{"name":"wp","href":"https:\/\/api.w.org\/{rel}","templated":true}]}}