{"id":8762,"date":"2021-11-02T09:18:10","date_gmt":"2021-11-02T12:18:10","guid":{"rendered":"https:\/\/nubesmgzdigital.com.ar\/?p=8762"},"modified":"2021-11-02T09:18:10","modified_gmt":"2021-11-02T12:18:10","slug":"valencia-y-burdeos-capitales-europeas-del-turismo-inteligente-de-2022","status":"publish","type":"post","link":"https:\/\/nubesmgzdigital.com.ar\/index.php\/2021\/11\/02\/valencia-y-burdeos-capitales-europeas-del-turismo-inteligente-de-2022\/","title":{"rendered":"Valencia y Burdeos, capitales europeas del turismo inteligente de 2022"},"content":{"rendered":"\n<h4 class=\"wp-block-heading\"><strong>Bruselas (EuroEFE).- Valencia y la francesa Burdeos compartir\u00e1n el premio de Capital Europea del Turismo Inteligente de 2022 que otorga la Comisi\u00f3n Europea (CE) por sus pr\u00e1cticas innovadoras en t\u00e9rminos de accesibilidad, sostenibilidad, digitalizaci\u00f3n, patrimonio cultural y creatividad.<\/strong><\/h4>\n\n\n\n<p>Las dos ciudades ganadoras\u00a0<strong>recibir\u00e1n<\/strong>\u00a0<strong>apoyo en comunicaci\u00f3n e imagen<\/strong>\u00a0a lo largo de 2022 para conseguir mayor visibilidad en Europa.<\/p>\n\n\n\n<figure class=\"wp-block-embed alignright is-type-rich is-provider-twitter wp-block-embed-twitter\"><div class=\"wp-block-embed__wrapper\">\n<blockquote class=\"twitter-tweet\" data-width=\"550\" data-dnt=\"true\"><p lang=\"en\" dir=\"ltr\">\ud83e\udd41And the <a href=\"https:\/\/twitter.com\/hashtag\/EUTourismCapital?src=hash&amp;ref_src=twsrc%5Etfw\">#EUTourismCapital<\/a> winners are Bordeaux\ud83c\uddeb\ud83c\uddf7 and Valencia\ud83c\uddea\ud83c\uddf8! Both cities have been selected as winners of the 2022 European Capital of Smart Tourism competition! Congratulations!\ud83d\udc4f<br><br>Learn more about this EU initiative: <a href=\"https:\/\/t.co\/FkEzheDrPZ\">https:\/\/t.co\/FkEzheDrPZ<\/a><a href=\"https:\/\/twitter.com\/hashtag\/SmartTourism?src=hash&amp;ref_src=twsrc%5Etfw\">#SmartTourism<\/a> <a href=\"https:\/\/twitter.com\/hashtag\/EUtourism?src=hash&amp;ref_src=twsrc%5Etfw\">#EUtourism<\/a> <a href=\"https:\/\/t.co\/ji12rJ2NwL\">pic.twitter.com\/ji12rJ2NwL<\/a><\/p>&mdash; Internal Market, Industry, Entrepreneurship &amp; SMEs (@EU_Growth) <a href=\"https:\/\/twitter.com\/EU_Growth\/status\/1453061057677758474?ref_src=twsrc%5Etfw\">October 26, 2021<\/a><\/blockquote><script async src=\"https:\/\/platform.twitter.com\/widgets.js\" charset=\"utf-8\"><\/script>\n<\/div><\/figure>\n\n\n\n<p><strong>Valencia y Burdeos se impusieron a otra ciudad espa\u00f1ola, Palma<\/strong>, que tambi\u00e9n contaba entre los finalistas junto con Dubl\u00edn, Florencia (Italia), Liubliana y Copenhague, inform\u00f3 este mi\u00e9rcoles el Ejecutivo comunitario en un comunicado en el que no explic\u00f3 las razones del jurado para distinguir a los ganadores.<\/p>\n\n\n\n<p>En la p\u00e1gina web del concurso en la que se presentaba cada una de las ciudades en liza se destacaba, entre otros,&nbsp;<strong>los 2,2 millones de turistas anuales que recibe el municipio mediterr\u00e1neo<\/strong>, su patrimonio, su \u00abarquitectura de vanguardia\u00bb reflejada a trav\u00e9s de la Ciudad de la Artes y las Ciencias, y sus \u00abmuchos eventos culturales y creativos\u00bb.<\/p>\n\n\n\n<p>Primera ciudad europea en recibir una doble certificaci\u00f3n ITU (ONU) e ISO para el Desarrollo Sostenible de las Ciudades, Valencia trabaja \u00aben estrecha colaboraci\u00f3n\u00bb con la Plataforma Representativa Estatal de Personas con Discapacidad F\u00edsica (PREDIF), recordaba el sumario del municipio, que tiene 164 kil\u00f3metros de carriles para bicicletas, trenes de alta velocidad, autopistas y puerto.<\/p>\n\n\n\n<p>Burdeos, por su parte, se describe como una ciudad \u00aborgullosamente amiga de la ecolog\u00eda e innovadora\u00bb, adem\u00e1s de \u00abpionera en enoturismo sostenible\u00bb, as\u00ed como con \u00abpleno compromiso con la acogida de refugiados\u00bb.<\/p>\n\n\n\n<p><strong><a href=\"https:\/\/euroefe.euractiv.es\/section\/europa-de-las-regiones\/news\/malaga-capital-europea-del-turismo-inteligente-en-2020\/\" target=\"_blank\" rel=\"noreferrer noopener\">En la edici\u00f3n de 2020, las ciudades ganadoras fueron Gotemburgo (Suecia) y M\u00e1laga<\/a><\/strong>, mientras que en el certamen inaugural de 2019 se distingui\u00f3 a Helsinki y Lyon (Francia).<\/p>\n\n\n\n<p>Los ganadores&nbsp;<strong>recibir\u00e1n el premio oficial durante la cena de gala del Foro Europeo de Turismo el pr\u00f3ximo 16 de noviembre<\/strong>, en un evento coorganizado por la Presidencia eslovena del Consejo de la UE junto con la Comisi\u00f3n Europea.<\/p>\n\n\n\n<p class=\"has-cyan-bluish-gray-color has-text-color\"><strong><em>Editado por Miriam Burgu\u00e9s<\/em><\/strong><\/p>\n\n\n\n<figure class=\"wp-block-gallery columns-3 is-cropped wp-block-gallery-1 is-layout-flex wp-block-gallery-is-layout-flex\"><ul class=\"blocks-gallery-grid\"><li class=\"blocks-gallery-item\"><figure><img loading=\"lazy\" decoding=\"async\" width=\"1000\" height=\"667\" src=\"https:\/\/nubesmgzdigital.com.ar\/wp-content\/uploads\/2021\/11\/xBordeaux.jpg.pagespeed.ic_.po00BQB4Oy.jpg\" alt=\"\" data-id=\"8763\" data-link=\"https:\/\/nubesmgzdigital.com.ar\/?attachment_id=8763\" class=\"wp-image-8763\" srcset=\"https:\/\/nubesmgzdigital.com.ar\/wp-content\/uploads\/2021\/11\/xBordeaux.jpg.pagespeed.ic_.po00BQB4Oy.jpg 1000w, https:\/\/nubesmgzdigital.com.ar\/wp-content\/uploads\/2021\/11\/xBordeaux.jpg.pagespeed.ic_.po00BQB4Oy-300x200.jpg 300w, https:\/\/nubesmgzdigital.com.ar\/wp-content\/uploads\/2021\/11\/xBordeaux.jpg.pagespeed.ic_.po00BQB4Oy-768x512.jpg 768w, https:\/\/nubesmgzdigital.com.ar\/wp-content\/uploads\/2021\/11\/xBordeaux.jpg.pagespeed.ic_.po00BQB4Oy-696x464.jpg 696w, https:\/\/nubesmgzdigital.com.ar\/wp-content\/uploads\/2021\/11\/xBordeaux.jpg.pagespeed.ic_.po00BQB4Oy-630x420.jpg 630w\" sizes=\"auto, (max-width: 1000px) 100vw, 1000px\" \/><\/figure><\/li><li class=\"blocks-gallery-item\"><figure><img loading=\"lazy\" decoding=\"async\" width=\"1024\" height=\"683\" src=\"https:\/\/nubesmgzdigital.com.ar\/wp-content\/uploads\/2021\/11\/DLXRT6NVQRBFZAGNVXBR5QME6U-1024x683.jpg\" alt=\"\" data-id=\"8764\" data-link=\"https:\/\/nubesmgzdigital.com.ar\/?attachment_id=8764\" class=\"wp-image-8764\" srcset=\"https:\/\/nubesmgzdigital.com.ar\/wp-content\/uploads\/2021\/11\/DLXRT6NVQRBFZAGNVXBR5QME6U-1024x683.jpg 1024w, https:\/\/nubesmgzdigital.com.ar\/wp-content\/uploads\/2021\/11\/DLXRT6NVQRBFZAGNVXBR5QME6U-300x200.jpg 300w, https:\/\/nubesmgzdigital.com.ar\/wp-content\/uploads\/2021\/11\/DLXRT6NVQRBFZAGNVXBR5QME6U-768x512.jpg 768w, https:\/\/nubesmgzdigital.com.ar\/wp-content\/uploads\/2021\/11\/DLXRT6NVQRBFZAGNVXBR5QME6U-696x464.jpg 696w, https:\/\/nubesmgzdigital.com.ar\/wp-content\/uploads\/2021\/11\/DLXRT6NVQRBFZAGNVXBR5QME6U-1068x712.jpg 1068w, https:\/\/nubesmgzdigital.com.ar\/wp-content\/uploads\/2021\/11\/DLXRT6NVQRBFZAGNVXBR5QME6U-630x420.jpg 630w, https:\/\/nubesmgzdigital.com.ar\/wp-content\/uploads\/2021\/11\/DLXRT6NVQRBFZAGNVXBR5QME6U.jpg 1440w\" sizes=\"auto, (max-width: 1024px) 100vw, 1024px\" \/><\/figure><\/li><li class=\"blocks-gallery-item\"><figure><img loading=\"lazy\" decoding=\"async\" width=\"732\" height=\"400\" src=\"https:\/\/nubesmgzdigital.com.ar\/wp-content\/uploads\/2021\/11\/Capital-europea-turismo-inteligente-2022.jpeg\" alt=\"\" data-id=\"8765\" data-full-url=\"https:\/\/nubesmgzdigital.com.ar\/wp-content\/uploads\/2021\/11\/Capital-europea-turismo-inteligente-2022.jpeg\" data-link=\"https:\/\/nubesmgzdigital.com.ar\/?attachment_id=8765\" class=\"wp-image-8765\" srcset=\"https:\/\/nubesmgzdigital.com.ar\/wp-content\/uploads\/2021\/11\/Capital-europea-turismo-inteligente-2022.jpeg 732w, https:\/\/nubesmgzdigital.com.ar\/wp-content\/uploads\/2021\/11\/Capital-europea-turismo-inteligente-2022-300x164.jpeg 300w, https:\/\/nubesmgzdigital.com.ar\/wp-content\/uploads\/2021\/11\/Capital-europea-turismo-inteligente-2022-696x380.jpeg 696w\" sizes=\"auto, (max-width: 732px) 100vw, 732px\" \/><\/figure><\/li><\/ul><\/figure>\n","protected":false},"excerpt":{"rendered":"<p>Bruselas (EuroEFE).- Valencia y la francesa Burdeos compartir\u00e1n el premio de Capital Europea del Turismo Inteligente de 2022 que otorga la Comisi\u00f3n Europea (CE) por sus pr\u00e1cticas innovadoras en t\u00e9rminos de accesibilidad, sostenibilidad, digitalizaci\u00f3n, patrimonio cultural y creatividad. Las dos ciudades ganadoras\u00a0recibir\u00e1n\u00a0apoyo en comunicaci\u00f3n e imagen\u00a0a lo largo de 2022 para conseguir mayor visibilidad en [&hellip;]<\/p>\n","protected":false},"author":2,"featured_media":8765,"comment_status":"open","ping_status":"open","sticky":false,"template":"","format":"standard","meta":{"footnotes":""},"categories":[114],"tags":[],"class_list":["post-8762","post","type-post","status-publish","format-standard","has-post-thumbnail","hentry","category-turismo-destinos"],"post_mailing_queue_ids":[],"_links":{"self":[{"href":"https:\/\/nubesmgzdigital.com.ar\/index.php\/wp-json\/wp\/v2\/posts\/8762","targetHints":{"allow":["GET"]}}],"collection":[{"href":"https:\/\/nubesmgzdigital.com.ar\/index.php\/wp-json\/wp\/v2\/posts"}],"about":[{"href":"https:\/\/nubesmgzdigital.com.ar\/index.php\/wp-json\/wp\/v2\/types\/post"}],"author":[{"embeddable":true,"href":"https:\/\/nubesmgzdigital.com.ar\/index.php\/wp-json\/wp\/v2\/users\/2"}],"replies":[{"embeddable":true,"href":"https:\/\/nubesmgzdigital.com.ar\/index.php\/wp-json\/wp\/v2\/comments?post=8762"}],"version-history":[{"count":1,"href":"https:\/\/nubesmgzdigital.com.ar\/index.php\/wp-json\/wp\/v2\/posts\/8762\/revisions"}],"predecessor-version":[{"id":8766,"href":"https:\/\/nubesmgzdigital.com.ar\/index.php\/wp-json\/wp\/v2\/posts\/8762\/revisions\/8766"}],"wp:featuredmedia":[{"embeddable":true,"href":"https:\/\/nubesmgzdigital.com.ar\/index.php\/wp-json\/wp\/v2\/media\/8765"}],"wp:attachment":[{"href":"https:\/\/nubesmgzdigital.com.ar\/index.php\/wp-json\/wp\/v2\/media?parent=8762"}],"wp:term":[{"taxonomy":"category","embeddable":true,"href":"https:\/\/nubesmgzdigital.com.ar\/index.php\/wp-json\/wp\/v2\/categories?post=8762"},{"taxonomy":"post_tag","embeddable":true,"href":"https:\/\/nubesmgzdigital.com.ar\/index.php\/wp-json\/wp\/v2\/tags?post=8762"}],"curies":[{"name":"wp","href":"https:\/\/api.w.org\/{rel}","templated":true}]}}