{"id":8771,"date":"2021-11-02T10:10:44","date_gmt":"2021-11-02T13:10:44","guid":{"rendered":"https:\/\/nubesmgzdigital.com.ar\/?p=8771"},"modified":"2021-11-02T10:10:46","modified_gmt":"2021-11-02T13:10:46","slug":"conectar-una-muestra-sobre-conectividad-reduccion-de-brechas-de-genero-e-inclusion-digital","status":"publish","type":"post","link":"https:\/\/nubesmgzdigital.com.ar\/index.php\/2021\/11\/02\/conectar-una-muestra-sobre-conectividad-reduccion-de-brechas-de-genero-e-inclusion-digital\/","title":{"rendered":"Conectar: una muestra sobre conectividad, reducci\u00f3n de brechas de g\u00e9nero e inclusi\u00f3n digital"},"content":{"rendered":"\n<p class=\"has-text-align-center\"><em>Comunicaciones m\u00f3viles, fibra \u00f3ptica, pantalla inmersiva del Plan Satelital Argentino y juegos interactivos son parte de la muestra de acceso libre y gratuito. Autoridades de la Jefatura de Gabinete de Ministros, junto al ministro de Cultura, el Presidente de ARSAT\u00a0y el titular de ENACOM visitaron el stand.<\/em><\/p>\n\n\n\n<p>En\u00a0<strong>Conectar<\/strong>, el espacio de la Secretar\u00eda de Innovaci\u00f3n P\u00fablica, dependiente de la\u00a0<strong>Jefatura de Gabinete de Ministros<\/strong>\u00a0que este a\u00f1o forma parte de la propuesta de Tecn\u00f3polis, se exponen los proyectos que impulsa el Estado en materia de conectividad y acceso a los servicios de tecnolog\u00edas de la informaci\u00f3n y las comunicaciones.\u00a0<\/p>\n\n\n\n<p>En la semana, la secretaria de Innovaci\u00f3n P\u00fablica,\u00a0<strong>Micaela S\u00e1nchez Malcolm<\/strong>; el ministro de Cultura,\u00a0<strong>Trist\u00e1n Bauer<\/strong>; el presidente de ARSAT,\u00a0<strong>Pablo Tognetti<\/strong>\u00a0y el titular del Ente Nacional de Comunicaciones (ENACOM),\u00a0<strong>Claudio Ambrosini<\/strong>, recorrieron la muestra que plantea tres espacios a trav\u00e9s de los cuales se pueden conocer c\u00f3mo se trabaja para reducir las brechas digitales y desigualdades, al tiempo que se erige como un espacio donde los j\u00f3venes puedan inspirarse, abrir posibilidades y descubrir vocaciones.<\/p>\n\n\n\n<p>\u00a0<br>La primera estaci\u00f3n de\u00a0<strong>Conectar<\/strong>\u00a0est\u00e1 enfocada en las comunicaciones m\u00f3viles y en la fibra \u00f3ptica, all\u00ed, los visitantes pueden aprender detalles de c\u00f3mo funcionan, cu\u00e1l es el rol del Estado y qu\u00e9 es la\u00a0<strong>Red Federal de Fibra \u00d3ptica<\/strong>\u00a0(<strong>REFEFO<\/strong>). Puntualmente, las personas tambi\u00e9n acceden a informaci\u00f3n sobre c\u00f3mo el Estado nacional gestiona y administra el espectro radioel\u00e9ctrico que permite las comunicaciones m\u00f3viles.\u00a0<\/p>\n\n\n\n<p><br>En la segunda estaci\u00f3n,\u00a0<strong>Conectar<\/strong>\u00a0se detiene en el\u00a0<strong>Plan Satelital Argentino<\/strong>\u00a0que se reactiv\u00f3 en 2020 para impulsar la construcci\u00f3n del tercer sat\u00e9lite geoestacionario de\u00a0<strong>ARSAT<\/strong>. Gracias a una maqueta virtual desplegada sobre una pantalla inmersiva, pueden conocer c\u00f3mo funcionan el\u00a0<strong>ARSAT-1<\/strong>\u00a0y el\u00a0<strong>ARSAT-2<\/strong>, los dos sat\u00e9lites que ya se encuentran en \u00f3rbita y que brindan conectividad satelital de alta calidad en los lugares de dif\u00edcil acceso del pa\u00eds.<\/p>\n\n\n\n<p>\u00a0<br>Al final del recorrido que propone la muestra, las y los visitantes se encuentran con juegos interactivos acerca de la conectividad y la informaci\u00f3n aprendida a lo largo de la exposici\u00f3n.<\/p>\n\n\n\n<p>\u00a0<br>Adem\u00e1s, con el objetivo de fomentar el ingreso y la participaci\u00f3n de mujeres y disidencias en el sector,\u00a0<strong>Conectar<\/strong>\u00a0posee un espacio destinado a difundir el trabajo de las mujeres en Ciencia, Tecnolog\u00eda, Ingenier\u00eda y Matem\u00e1tica (CTIM), una iniciativa que forma parte del\u00a0<strong>Centro de G\u00e9neros en Tecnolog\u00eda<\/strong>,\u00a0<strong>Centro G+T<\/strong>, impulsado por la Secretar\u00eda de Innovaci\u00f3n P\u00fablica y diversos organismos p\u00fablicos y privados ,.<\/p>\n\n\n\n<p><br>\u201c<strong>Con esta muestra queremos contarle a todas y todos sobre el rol del Estado para impulsar, garantizar y mejorar las comunicaciones en la Argentina<\/strong>\u201d, indic\u00f3\u00a0<strong>S\u00e1nchez Malcolm<\/strong>\u00a0durante la visita al espacio. \u201c<strong>Desde el Estado nacional llevamos adelante numerosas inversiones en materia de infraestructura de conectividad que nos permite a las y los argentinos mantenernos comunicados, a\u00fan en situaciones de emergencia sanitaria como la que hemos vivido<\/strong>\u201d, destac\u00f3 la funcionaria.<\/p>\n\n\n\n<p>\u00a0<br><strong>S\u00e1nchez Malcolm\u00a0<\/strong>agreg\u00f3 que \u201c<strong>en este espacio tambi\u00e9n les vamos a contar las acciones que llevamos adelante desde la Secretar\u00eda de Innovaci\u00f3n P\u00fablica para reducir las brechas de g\u00e9nero y las brechas digitales. Seguimos trabajando por un Estado presente y activo en materia de pol\u00edticas p\u00fablicas para las TIC<\/strong>\u201d.<\/p>\n\n\n\n<p><br>En tanto, el subsecretario de Tecnolog\u00edas de la Informaci\u00f3n y las Comunicaciones,\u00a0<strong>Mart\u00edn Olmos<\/strong>, resalt\u00f3 que la muestra \u201c<strong>es un espacio para que todas y todos conozcan qu\u00e9 es lo que estamos haciendo en materia de telecomunicaciones, para que conozcan el desarrollo de la industria satelital en Argentina, el alcance de la Red Federal de Fibra \u00d3ptica, que permite que llegue la conectividad a lo largo y ancho del pa\u00eds; y tambi\u00e9n para que conozcan c\u00f3mo funciona la Televisi\u00f3n Digital Abierta y el Centro Nacional de Datos<\/strong>\u201d.\u00a0<\/p>\n\n\n\n<p><br>Por su parte,\u00a0<strong>Tognetti<\/strong>\u00a0coment\u00f3 sobre los avances del Plan Conectar -lanzado en septiembre del a\u00f1o pasado por el presidente\u00a0<strong>Alberto Fern\u00e1ndez<\/strong>&#8211; que \u201c<strong>las obras no se realizan de la noche a la ma\u00f1ana, pero venimos trabajando muy bien y en varias provincias para agrandar a las redes de fibra \u00f3ptica provinciales y as\u00ed llegar a m\u00e1s localidades de la Argentina. Tambi\u00e9n seguimos trabajando en lo que ser\u00e1 el tercer sat\u00e9lite SG-1 que ser\u00e1 el tercero de la flota de ARSAT<\/strong>\u201d.<\/p>\n\n\n\n<p><br>El titular de la empresa de telecomunicaciones del Estado nacional adem\u00e1s sostuvo: \u201c<strong>La muestra me parece fant\u00e1stica y resalta los distintos ejes de trabajo que llevamos adelante desde ARSAT<\/strong>\u201d, y en ese marco, coment\u00f3 el trabajo realizado por ARSAT para conectar Tecn\u00f3polis de tendido de fibra \u00f3ptica que \u201c<strong>actualmente en el predio tiene 11 puntos activos y vamos a sumar otros 45<\/strong>\u201d.\u00a0<\/p>\n\n\n\n<p><br>Tambi\u00e9n estuvieron presentes en la recorrida los subsecretarios de Gobierno Abierto y Pa\u00eds Digital,\u00a0<strong>C\u00e9sar Gazzo Huck<\/strong>; de Innovaci\u00f3n Administrativa,\u00a0<strong>Luis Papagni<\/strong>, y de Gesti\u00f3n Administrativa,\u00a0<strong>Diego Bercholc<\/strong>. Por ARSAT, adem\u00e1s participaron sus directores\u00a0<strong>Anabel Cisneros<\/strong>,\u00a0<strong>Facundo Leal<\/strong>\u00a0y\u00a0<strong>Guillermo Rus<\/strong>; y la directora de Tecn\u00f3polis,\u00a0<strong>Mar\u00eda Rosenfeldt<\/strong>.<\/p>\n\n\n\n<figure class=\"wp-block-gallery columns-3 is-cropped wp-block-gallery-1 is-layout-flex wp-block-gallery-is-layout-flex\"><ul class=\"blocks-gallery-grid\"><li class=\"blocks-gallery-item\"><figure><img loading=\"lazy\" decoding=\"async\" width=\"1024\" height=\"683\" src=\"https:\/\/nubesmgzdigital.com.ar\/wp-content\/uploads\/2021\/11\/TECNOPOLIS_INNOVACION_COLOR__MG_1461-1024x683.jpg\" alt=\"\" data-id=\"8772\" data-link=\"https:\/\/nubesmgzdigital.com.ar\/?attachment_id=8772\" class=\"wp-image-8772\" srcset=\"https:\/\/nubesmgzdigital.com.ar\/wp-content\/uploads\/2021\/11\/TECNOPOLIS_INNOVACION_COLOR__MG_1461-1024x683.jpg 1024w, https:\/\/nubesmgzdigital.com.ar\/wp-content\/uploads\/2021\/11\/TECNOPOLIS_INNOVACION_COLOR__MG_1461-300x200.jpg 300w, https:\/\/nubesmgzdigital.com.ar\/wp-content\/uploads\/2021\/11\/TECNOPOLIS_INNOVACION_COLOR__MG_1461-768x512.jpg 768w, https:\/\/nubesmgzdigital.com.ar\/wp-content\/uploads\/2021\/11\/TECNOPOLIS_INNOVACION_COLOR__MG_1461-1536x1024.jpg 1536w, https:\/\/nubesmgzdigital.com.ar\/wp-content\/uploads\/2021\/11\/TECNOPOLIS_INNOVACION_COLOR__MG_1461-2048x1366.jpg 2048w, https:\/\/nubesmgzdigital.com.ar\/wp-content\/uploads\/2021\/11\/TECNOPOLIS_INNOVACION_COLOR__MG_1461-696x464.jpg 696w, https:\/\/nubesmgzdigital.com.ar\/wp-content\/uploads\/2021\/11\/TECNOPOLIS_INNOVACION_COLOR__MG_1461-1068x712.jpg 1068w, https:\/\/nubesmgzdigital.com.ar\/wp-content\/uploads\/2021\/11\/TECNOPOLIS_INNOVACION_COLOR__MG_1461-630x420.jpg 630w\" sizes=\"auto, (max-width: 1024px) 100vw, 1024px\" \/><\/figure><\/li><li class=\"blocks-gallery-item\"><figure><img loading=\"lazy\" decoding=\"async\" width=\"1024\" height=\"683\" src=\"https:\/\/nubesmgzdigital.com.ar\/wp-content\/uploads\/2021\/11\/TECNOPOLIS_INNOVACION_COLOR_IMG_7586-1024x683.jpg\" alt=\"\" data-id=\"8773\" data-link=\"https:\/\/nubesmgzdigital.com.ar\/?attachment_id=8773\" class=\"wp-image-8773\" srcset=\"https:\/\/nubesmgzdigital.com.ar\/wp-content\/uploads\/2021\/11\/TECNOPOLIS_INNOVACION_COLOR_IMG_7586-1024x683.jpg 1024w, https:\/\/nubesmgzdigital.com.ar\/wp-content\/uploads\/2021\/11\/TECNOPOLIS_INNOVACION_COLOR_IMG_7586-300x200.jpg 300w, https:\/\/nubesmgzdigital.com.ar\/wp-content\/uploads\/2021\/11\/TECNOPOLIS_INNOVACION_COLOR_IMG_7586-768x512.jpg 768w, https:\/\/nubesmgzdigital.com.ar\/wp-content\/uploads\/2021\/11\/TECNOPOLIS_INNOVACION_COLOR_IMG_7586-1536x1024.jpg 1536w, https:\/\/nubesmgzdigital.com.ar\/wp-content\/uploads\/2021\/11\/TECNOPOLIS_INNOVACION_COLOR_IMG_7586-2048x1365.jpg 2048w, https:\/\/nubesmgzdigital.com.ar\/wp-content\/uploads\/2021\/11\/TECNOPOLIS_INNOVACION_COLOR_IMG_7586-696x464.jpg 696w, https:\/\/nubesmgzdigital.com.ar\/wp-content\/uploads\/2021\/11\/TECNOPOLIS_INNOVACION_COLOR_IMG_7586-1068x712.jpg 1068w, https:\/\/nubesmgzdigital.com.ar\/wp-content\/uploads\/2021\/11\/TECNOPOLIS_INNOVACION_COLOR_IMG_7586-630x420.jpg 630w\" sizes=\"auto, (max-width: 1024px) 100vw, 1024px\" \/><\/figure><\/li><li class=\"blocks-gallery-item\"><figure><img loading=\"lazy\" decoding=\"async\" width=\"1024\" height=\"683\" src=\"https:\/\/nubesmgzdigital.com.ar\/wp-content\/uploads\/2021\/11\/TECNOPOLIS_INNOVACION_COLOR_IMG_9602-1024x683.jpg\" alt=\"\" data-id=\"8774\" data-full-url=\"https:\/\/nubesmgzdigital.com.ar\/wp-content\/uploads\/2021\/11\/TECNOPOLIS_INNOVACION_COLOR_IMG_9602-scaled.jpg\" data-link=\"https:\/\/nubesmgzdigital.com.ar\/?attachment_id=8774\" class=\"wp-image-8774\" srcset=\"https:\/\/nubesmgzdigital.com.ar\/wp-content\/uploads\/2021\/11\/TECNOPOLIS_INNOVACION_COLOR_IMG_9602-1024x683.jpg 1024w, https:\/\/nubesmgzdigital.com.ar\/wp-content\/uploads\/2021\/11\/TECNOPOLIS_INNOVACION_COLOR_IMG_9602-300x200.jpg 300w, https:\/\/nubesmgzdigital.com.ar\/wp-content\/uploads\/2021\/11\/TECNOPOLIS_INNOVACION_COLOR_IMG_9602-768x512.jpg 768w, https:\/\/nubesmgzdigital.com.ar\/wp-content\/uploads\/2021\/11\/TECNOPOLIS_INNOVACION_COLOR_IMG_9602-1536x1024.jpg 1536w, https:\/\/nubesmgzdigital.com.ar\/wp-content\/uploads\/2021\/11\/TECNOPOLIS_INNOVACION_COLOR_IMG_9602-2048x1365.jpg 2048w, https:\/\/nubesmgzdigital.com.ar\/wp-content\/uploads\/2021\/11\/TECNOPOLIS_INNOVACION_COLOR_IMG_9602-696x464.jpg 696w, https:\/\/nubesmgzdigital.com.ar\/wp-content\/uploads\/2021\/11\/TECNOPOLIS_INNOVACION_COLOR_IMG_9602-1068x712.jpg 1068w, https:\/\/nubesmgzdigital.com.ar\/wp-content\/uploads\/2021\/11\/TECNOPOLIS_INNOVACION_COLOR_IMG_9602-630x420.jpg 630w\" sizes=\"auto, (max-width: 1024px) 100vw, 1024px\" \/><\/figure><\/li><\/ul><\/figure>\n\n\n","protected":false},"excerpt":{"rendered":"<p>Comunicaciones m\u00f3viles, fibra \u00f3ptica, pantalla inmersiva del Plan Satelital Argentino y juegos interactivos son parte de la muestra de acceso libre y gratuito. Autoridades de la Jefatura de Gabinete de Ministros, junto al ministro de Cultura, el Presidente de ARSAT\u00a0y el titular de ENACOM visitaron el stand. En\u00a0Conectar, el espacio de la Secretar\u00eda de Innovaci\u00f3n [&hellip;]<\/p>\n","protected":false},"author":2,"featured_media":8775,"comment_status":"open","ping_status":"open","sticky":false,"template":"","format":"standard","meta":{"footnotes":""},"categories":[139],"tags":[],"class_list":["post-8771","post","type-post","status-publish","format-standard","has-post-thumbnail","hentry","category-tecnologias"],"post_mailing_queue_ids":[],"_links":{"self":[{"href":"https:\/\/nubesmgzdigital.com.ar\/index.php\/wp-json\/wp\/v2\/posts\/8771","targetHints":{"allow":["GET"]}}],"collection":[{"href":"https:\/\/nubesmgzdigital.com.ar\/index.php\/wp-json\/wp\/v2\/posts"}],"about":[{"href":"https:\/\/nubesmgzdigital.com.ar\/index.php\/wp-json\/wp\/v2\/types\/post"}],"author":[{"embeddable":true,"href":"https:\/\/nubesmgzdigital.com.ar\/index.php\/wp-json\/wp\/v2\/users\/2"}],"replies":[{"embeddable":true,"href":"https:\/\/nubesmgzdigital.com.ar\/index.php\/wp-json\/wp\/v2\/comments?post=8771"}],"version-history":[{"count":1,"href":"https:\/\/nubesmgzdigital.com.ar\/index.php\/wp-json\/wp\/v2\/posts\/8771\/revisions"}],"predecessor-version":[{"id":8776,"href":"https:\/\/nubesmgzdigital.com.ar\/index.php\/wp-json\/wp\/v2\/posts\/8771\/revisions\/8776"}],"wp:featuredmedia":[{"embeddable":true,"href":"https:\/\/nubesmgzdigital.com.ar\/index.php\/wp-json\/wp\/v2\/media\/8775"}],"wp:attachment":[{"href":"https:\/\/nubesmgzdigital.com.ar\/index.php\/wp-json\/wp\/v2\/media?parent=8771"}],"wp:term":[{"taxonomy":"category","embeddable":true,"href":"https:\/\/nubesmgzdigital.com.ar\/index.php\/wp-json\/wp\/v2\/categories?post=8771"},{"taxonomy":"post_tag","embeddable":true,"href":"https:\/\/nubesmgzdigital.com.ar\/index.php\/wp-json\/wp\/v2\/tags?post=8771"}],"curies":[{"name":"wp","href":"https:\/\/api.w.org\/{rel}","templated":true}]}}