{"id":8777,"date":"2021-11-02T19:31:40","date_gmt":"2021-11-02T22:31:40","guid":{"rendered":"https:\/\/nubesmgzdigital.com.ar\/?p=8777"},"modified":"2021-11-02T19:32:44","modified_gmt":"2021-11-02T22:32:44","slug":"cordoba-la-intrigante-iglesia-de-los-capuchinos","status":"publish","type":"post","link":"https:\/\/nubesmgzdigital.com.ar\/index.php\/2021\/11\/02\/cordoba-la-intrigante-iglesia-de-los-capuchinos\/","title":{"rendered":"C\u00f3rdoba, la intrigante Iglesia de los Capuchinos"},"content":{"rendered":"\n<h3 class=\"wp-block-heading\"><em>Torres asim\u00e9tricas, animales del averno y un mapa estelar de 1930. La historia de c\u00f3mo fue creada la Iglesia del Sagrado Coraz\u00f3n y los misterios detr\u00e1s de su imponente construcci\u00f3n. Qu\u00e9 secretos guarda la m\u00e1s destacada de las maravillas de C\u00f3rdoba.<\/em><\/h3>\n\n\n\n<p>Se dice que los templos est\u00e1n dise\u00f1ados para mostrar. Para contar una historia m\u00e1s all\u00e1 de los textos y que todos puedan sentirla, sin la necesidad de saber leer, ni de recurrir a frondosos libros. Por eso, cuando se habla de iglesias, tambi\u00e9n se habla de verdaderas biblias de cemento.<\/p>\n\n\n\n<p>Es una de las premisas que llevan a elegir el neog\u00f3tico para el dise\u00f1o de la Iglesia del Sagrado Coraz\u00f3n, situada en el barrio Nueva C\u00f3rdoba, de la capital provincial. Es g\u00f3tico porque retoma la herencia europea, caracterizada por una marcada verticalidad, y es neo porque comenz\u00f3 a edificarse durante el siglo XX, en plena anacron\u00eda con aquel movimiento arquitect\u00f3nico.<\/p>\n\n\n\n<p>El origen de esta construcci\u00f3n est\u00e1 vinculado con los hermanos capuchinos, misteriosas figuras de cabeza cubierta, largas t\u00fanicas y barbas desali\u00f1adas. Posiblemente, fue el carisma de Juan de Anso\u00e1in, padre superior de esa orden franciscana, el que logr\u00f3 convencer a la aristocracia local a la hora de juntar los fondos para solventar semejante obra.<\/p>\n\n\n\n<p>De all\u00ed que, en la actualidad, tambi\u00e9n se la llama &#8220;Iglesia de los Capuchinos&#8221;. Fueron ellos quienes, en 1926, le encomendaron el proyecto al arquitecto y pintor italiano Augusto Ferrari. Reci\u00e9n retornado de su patria, este \u00faltimo aceptaba el reto, con grandes saberes y renovada inspiraci\u00f3n.<\/p>\n\n\n\n<p>As\u00ed fue como la obra qued\u00f3 en manos de un hombre sensible, seg\u00fan las cr\u00f3nicas de la \u00e9poca. Los relatos sostienen que Ferrari constru\u00eda solamente para pintar. Dise\u00f1os como el de la Iglesia del Sagrado Coraz\u00f3n, con su celebrada asimetr\u00eda, dan cuenta de un legado indiscutible.<\/p>\n\n\n\n<p><strong>Los misterios detr\u00e1s del dise\u00f1o<\/strong><\/p>\n\n\n\n<p>La fachada del predio exhibe la dualidad de las personas dentro de la cosmovisi\u00f3n cristiana. Caminar hacia la Iglesia es ser testigo de la imperfecci\u00f3n y la transitoriedad, caracterizadas por la verticalidad trunca de su torre izquierda. Son cuarenta metros de hormig\u00f3n armado que representan el fracaso de la humanidad.<\/p>\n\n\n\n<figure class=\"wp-block-gallery columns-3 is-cropped wp-block-gallery-1 is-layout-flex wp-block-gallery-is-layout-flex\"><ul class=\"blocks-gallery-grid\"><li class=\"blocks-gallery-item\"><figure><img loading=\"lazy\" decoding=\"async\" width=\"1024\" height=\"575\" src=\"https:\/\/nubesmgzdigital.com.ar\/wp-content\/uploads\/2021\/11\/Cordoba-Iglesia-de-los-Capuchinos-3-1024x575.jpg\" alt=\"\" data-id=\"8779\" data-link=\"https:\/\/nubesmgzdigital.com.ar\/?attachment_id=8779\" class=\"wp-image-8779\" srcset=\"https:\/\/nubesmgzdigital.com.ar\/wp-content\/uploads\/2021\/11\/Cordoba-Iglesia-de-los-Capuchinos-3-1024x575.jpg 1024w, https:\/\/nubesmgzdigital.com.ar\/wp-content\/uploads\/2021\/11\/Cordoba-Iglesia-de-los-Capuchinos-3-300x169.jpg 300w, https:\/\/nubesmgzdigital.com.ar\/wp-content\/uploads\/2021\/11\/Cordoba-Iglesia-de-los-Capuchinos-3-768x432.jpg 768w, https:\/\/nubesmgzdigital.com.ar\/wp-content\/uploads\/2021\/11\/Cordoba-Iglesia-de-los-Capuchinos-3-696x391.jpg 696w, https:\/\/nubesmgzdigital.com.ar\/wp-content\/uploads\/2021\/11\/Cordoba-Iglesia-de-los-Capuchinos-3-1068x600.jpg 1068w, https:\/\/nubesmgzdigital.com.ar\/wp-content\/uploads\/2021\/11\/Cordoba-Iglesia-de-los-Capuchinos-3-748x420.jpg 748w, https:\/\/nubesmgzdigital.com.ar\/wp-content\/uploads\/2021\/11\/Cordoba-Iglesia-de-los-Capuchinos-3.jpg 1285w\" sizes=\"auto, (max-width: 1024px) 100vw, 1024px\" \/><\/figure><\/li><li class=\"blocks-gallery-item\"><figure><img loading=\"lazy\" decoding=\"async\" width=\"1024\" height=\"640\" src=\"https:\/\/nubesmgzdigital.com.ar\/wp-content\/uploads\/2021\/11\/Cordoba-Iglesia-de-los-Capuchinos-4-1024x640.jpg\" alt=\"\" data-id=\"8780\" data-link=\"https:\/\/nubesmgzdigital.com.ar\/?attachment_id=8780\" class=\"wp-image-8780\" srcset=\"https:\/\/nubesmgzdigital.com.ar\/wp-content\/uploads\/2021\/11\/Cordoba-Iglesia-de-los-Capuchinos-4-1024x640.jpg 1024w, https:\/\/nubesmgzdigital.com.ar\/wp-content\/uploads\/2021\/11\/Cordoba-Iglesia-de-los-Capuchinos-4-300x188.jpg 300w, https:\/\/nubesmgzdigital.com.ar\/wp-content\/uploads\/2021\/11\/Cordoba-Iglesia-de-los-Capuchinos-4-768x480.jpg 768w, https:\/\/nubesmgzdigital.com.ar\/wp-content\/uploads\/2021\/11\/Cordoba-Iglesia-de-los-Capuchinos-4-1536x960.jpg 1536w, https:\/\/nubesmgzdigital.com.ar\/wp-content\/uploads\/2021\/11\/Cordoba-Iglesia-de-los-Capuchinos-4-696x435.jpg 696w, https:\/\/nubesmgzdigital.com.ar\/wp-content\/uploads\/2021\/11\/Cordoba-Iglesia-de-los-Capuchinos-4-1068x668.jpg 1068w, https:\/\/nubesmgzdigital.com.ar\/wp-content\/uploads\/2021\/11\/Cordoba-Iglesia-de-los-Capuchinos-4-672x420.jpg 672w, https:\/\/nubesmgzdigital.com.ar\/wp-content\/uploads\/2021\/11\/Cordoba-Iglesia-de-los-Capuchinos-4.jpg 1600w\" sizes=\"auto, (max-width: 1024px) 100vw, 1024px\" \/><\/figure><\/li><li class=\"blocks-gallery-item\"><figure><img loading=\"lazy\" decoding=\"async\" width=\"1024\" height=\"683\" src=\"https:\/\/nubesmgzdigital.com.ar\/wp-content\/uploads\/2021\/11\/Cordoba-Iglesia-de-los-Capuchinos-5-1024x683.jpeg\" alt=\"\" data-id=\"8781\" data-link=\"https:\/\/nubesmgzdigital.com.ar\/?attachment_id=8781\" class=\"wp-image-8781\" srcset=\"https:\/\/nubesmgzdigital.com.ar\/wp-content\/uploads\/2021\/11\/Cordoba-Iglesia-de-los-Capuchinos-5-1024x683.jpeg 1024w, https:\/\/nubesmgzdigital.com.ar\/wp-content\/uploads\/2021\/11\/Cordoba-Iglesia-de-los-Capuchinos-5-300x200.jpeg 300w, https:\/\/nubesmgzdigital.com.ar\/wp-content\/uploads\/2021\/11\/Cordoba-Iglesia-de-los-Capuchinos-5-768x512.jpeg 768w, https:\/\/nubesmgzdigital.com.ar\/wp-content\/uploads\/2021\/11\/Cordoba-Iglesia-de-los-Capuchinos-5-1536x1024.jpeg 1536w, https:\/\/nubesmgzdigital.com.ar\/wp-content\/uploads\/2021\/11\/Cordoba-Iglesia-de-los-Capuchinos-5-696x464.jpeg 696w, https:\/\/nubesmgzdigital.com.ar\/wp-content\/uploads\/2021\/11\/Cordoba-Iglesia-de-los-Capuchinos-5-1068x712.jpeg 1068w, https:\/\/nubesmgzdigital.com.ar\/wp-content\/uploads\/2021\/11\/Cordoba-Iglesia-de-los-Capuchinos-5-630x420.jpeg 630w, https:\/\/nubesmgzdigital.com.ar\/wp-content\/uploads\/2021\/11\/Cordoba-Iglesia-de-los-Capuchinos-5.jpeg 2048w\" sizes=\"auto, (max-width: 1024px) 100vw, 1024px\" \/><\/figure><\/li><li class=\"blocks-gallery-item\"><figure><img loading=\"lazy\" decoding=\"async\" width=\"1024\" height=\"768\" src=\"https:\/\/nubesmgzdigital.com.ar\/wp-content\/uploads\/2021\/11\/Cordoba-Iglesia-de-los-Capuchinos-5.jpg\" alt=\"\" data-id=\"8782\" data-link=\"https:\/\/nubesmgzdigital.com.ar\/?attachment_id=8782\" class=\"wp-image-8782\" srcset=\"https:\/\/nubesmgzdigital.com.ar\/wp-content\/uploads\/2021\/11\/Cordoba-Iglesia-de-los-Capuchinos-5.jpg 1024w, https:\/\/nubesmgzdigital.com.ar\/wp-content\/uploads\/2021\/11\/Cordoba-Iglesia-de-los-Capuchinos-5-300x225.jpg 300w, https:\/\/nubesmgzdigital.com.ar\/wp-content\/uploads\/2021\/11\/Cordoba-Iglesia-de-los-Capuchinos-5-768x576.jpg 768w, https:\/\/nubesmgzdigital.com.ar\/wp-content\/uploads\/2021\/11\/Cordoba-Iglesia-de-los-Capuchinos-5-80x60.jpg 80w, https:\/\/nubesmgzdigital.com.ar\/wp-content\/uploads\/2021\/11\/Cordoba-Iglesia-de-los-Capuchinos-5-265x198.jpg 265w, https:\/\/nubesmgzdigital.com.ar\/wp-content\/uploads\/2021\/11\/Cordoba-Iglesia-de-los-Capuchinos-5-696x522.jpg 696w, https:\/\/nubesmgzdigital.com.ar\/wp-content\/uploads\/2021\/11\/Cordoba-Iglesia-de-los-Capuchinos-5-560x420.jpg 560w\" sizes=\"auto, (max-width: 1024px) 100vw, 1024px\" \/><\/figure><\/li><li class=\"blocks-gallery-item\"><figure><img loading=\"lazy\" decoding=\"async\" width=\"1024\" height=\"768\" src=\"https:\/\/nubesmgzdigital.com.ar\/wp-content\/uploads\/2021\/11\/Cordoba-Iglesia-de-los-Capuchinos-6-1024x768.jpg\" alt=\"\" data-id=\"8783\" data-link=\"https:\/\/nubesmgzdigital.com.ar\/?attachment_id=8783\" class=\"wp-image-8783\" srcset=\"https:\/\/nubesmgzdigital.com.ar\/wp-content\/uploads\/2021\/11\/Cordoba-Iglesia-de-los-Capuchinos-6-1024x768.jpg 1024w, https:\/\/nubesmgzdigital.com.ar\/wp-content\/uploads\/2021\/11\/Cordoba-Iglesia-de-los-Capuchinos-6-300x225.jpg 300w, https:\/\/nubesmgzdigital.com.ar\/wp-content\/uploads\/2021\/11\/Cordoba-Iglesia-de-los-Capuchinos-6-768x576.jpg 768w, https:\/\/nubesmgzdigital.com.ar\/wp-content\/uploads\/2021\/11\/Cordoba-Iglesia-de-los-Capuchinos-6-1536x1152.jpg 1536w, https:\/\/nubesmgzdigital.com.ar\/wp-content\/uploads\/2021\/11\/Cordoba-Iglesia-de-los-Capuchinos-6-2048x1536.jpg 2048w, https:\/\/nubesmgzdigital.com.ar\/wp-content\/uploads\/2021\/11\/Cordoba-Iglesia-de-los-Capuchinos-6-80x60.jpg 80w, https:\/\/nubesmgzdigital.com.ar\/wp-content\/uploads\/2021\/11\/Cordoba-Iglesia-de-los-Capuchinos-6-265x198.jpg 265w, https:\/\/nubesmgzdigital.com.ar\/wp-content\/uploads\/2021\/11\/Cordoba-Iglesia-de-los-Capuchinos-6-696x522.jpg 696w, https:\/\/nubesmgzdigital.com.ar\/wp-content\/uploads\/2021\/11\/Cordoba-Iglesia-de-los-Capuchinos-6-1068x801.jpg 1068w, https:\/\/nubesmgzdigital.com.ar\/wp-content\/uploads\/2021\/11\/Cordoba-Iglesia-de-los-Capuchinos-6-560x420.jpg 560w\" sizes=\"auto, (max-width: 1024px) 100vw, 1024px\" \/><\/figure><\/li><li class=\"blocks-gallery-item\"><figure><img loading=\"lazy\" decoding=\"async\" width=\"662\" height=\"960\" src=\"https:\/\/nubesmgzdigital.com.ar\/wp-content\/uploads\/2021\/11\/Cordoba-Iglesia-de-los-Capuchinos-7.jpg\" alt=\"\" data-id=\"8784\" data-link=\"https:\/\/nubesmgzdigital.com.ar\/?attachment_id=8784\" class=\"wp-image-8784\" srcset=\"https:\/\/nubesmgzdigital.com.ar\/wp-content\/uploads\/2021\/11\/Cordoba-Iglesia-de-los-Capuchinos-7.jpg 662w, https:\/\/nubesmgzdigital.com.ar\/wp-content\/uploads\/2021\/11\/Cordoba-Iglesia-de-los-Capuchinos-7-207x300.jpg 207w, https:\/\/nubesmgzdigital.com.ar\/wp-content\/uploads\/2021\/11\/Cordoba-Iglesia-de-los-Capuchinos-7-290x420.jpg 290w\" sizes=\"auto, (max-width: 662px) 100vw, 662px\" \/><\/figure><\/li><\/ul><\/figure>\n\n\n\n<p>Por el contrario, hacia la derecha, es posible divisar como la perfecci\u00f3n toma la forma de una aguja g\u00f3tica de setenta metros que perfora el cielo, en alusi\u00f3n a Dios y el anhelo de las almas de los fieles, que buscan ascender y sentarse a su lado.<\/p>\n\n\n\n<p>Justamente, uno de los detalles m\u00e1s impactantes que Ferrari a\u00f1adi\u00f3 al Sagrado Coraz\u00f3n tiene que ver con la esfera celeste. No dentro de una concepci\u00f3n religiosa, sino literal. Es que, en las b\u00f3vedas de su interior, pint\u00f3 todas las estrellas visibles desde C\u00f3rdoba, en sinton\u00eda con la afinidad de San Francisco de As\u00eds por la naturaleza y el cosmos.<\/p>\n\n\n\n<p>La precisi\u00f3n de este trabajo resulta asombrosa al tener en cuenta que, en cada arco, fueron retratados los cielos de la primera medianoche de un mes distinto de 1930.<\/p>\n\n\n\n<p>Una reciente investigaci\u00f3n elaborada por un equipo de astr\u00f3nomos de la provincia confirm\u00f3 la veracidad de esta representaci\u00f3n, que es la \u00fanica de su tipo en el mundo. Aunque, por cierto, el atlas estelar que presuntamente utilizaron los artesanos a\u00fan no pudo ser identificado.<\/p>\n\n\n\n<p>Hoy en d\u00eda, en otro gui\u00f1o de anacron\u00eda, la Iglesia de los Capuchinos permite contrastar aquella ornamentaci\u00f3n con los cielos actuales de la capital cordobesa. Para vivir esta experiencia, se debe realizar un ascenso de 182 escalones a lo largo de una hora. Arriba de todo, en la Torre Mirador, aguardan las estrellas y una vista privilegiada que abarca la ciudad y las sierras.<\/p>\n\n\n\n<p><strong>Otros mensajes ocultos<\/strong><\/p>\n\n\n\n<p>En la base del predio, es posible reconocer una colecci\u00f3n de peque\u00f1as figuras de lagartos, ranas, tortugas y otros animales. Lejos de la simpat\u00eda que estos suelen evocar, representan los confines del m\u00e1s g\u00e9lido de los infiernos.<\/p>\n\n\n\n<p>Para comprender este mensaje que la construcci\u00f3n pretende comunicar, vale se\u00f1alar que se trata de seres de sangre fr\u00eda. Y que, dentro de la concepci\u00f3n medieval, el averno bien podr\u00eda ser un destino congelado, seg\u00fan la obra de Dante. All\u00ed, entonces, vivir\u00eda este tipo de fauna.<\/p>\n\n\n\n<p>A estos elementos, se a\u00f1aden otros tomados de la mitolog\u00eda griega. Entre ellos, sobresalen los atlantes, representaciones de hombres que sostienen las columnas del templo. Para la tradici\u00f3n cristiana, personifican la humanidad bajo el peso de los pecados. Adem\u00e1s, en la fachada, otra serie de pilares multicolor reconoce la existencia de las culturas previas a esta cosmovisi\u00f3n.<\/p>\n\n\n\n<p>Hoy, en la Iglesia de los Capuchinos, es posible descifrar todos estos mensajes y descubrir un sinf\u00edn de detalles perdidos en cada rinc\u00f3n de su construcci\u00f3n. Una reciente restauraci\u00f3n tambi\u00e9n permite disfrutar de la intensidad original de sus rojos, amarillos y grises. Son los colores que sorprendieron a sus visitantes a partir de 1934, cuando abri\u00f3 sus puertas. Cuando continu\u00f3 su historia para, finalmente, consagrarse como la m\u00e1s destacada de las maravillas de C\u00f3rdoba.<\/p>\n\n\n","protected":false},"excerpt":{"rendered":"<p>Torres asim\u00e9tricas, animales del averno y un mapa estelar de 1930. La historia de c\u00f3mo fue creada la Iglesia del Sagrado Coraz\u00f3n y los misterios detr\u00e1s de su imponente construcci\u00f3n. Qu\u00e9 secretos guarda la m\u00e1s destacada de las maravillas de C\u00f3rdoba. Se dice que los templos est\u00e1n dise\u00f1ados para mostrar. Para contar una historia m\u00e1s [&hellip;]<\/p>\n","protected":false},"author":2,"featured_media":8785,"comment_status":"open","ping_status":"open","sticky":false,"template":"","format":"standard","meta":{"footnotes":""},"categories":[140,114,130,135],"tags":[],"class_list":["post-8777","post","type-post","status-publish","format-standard","has-post-thumbnail","hentry","category-arquitectura-urbanismo","category-turismo-destinos","category-gourmet","category-region-pampeana"],"post_mailing_queue_ids":[],"_links":{"self":[{"href":"https:\/\/nubesmgzdigital.com.ar\/index.php\/wp-json\/wp\/v2\/posts\/8777","targetHints":{"allow":["GET"]}}],"collection":[{"href":"https:\/\/nubesmgzdigital.com.ar\/index.php\/wp-json\/wp\/v2\/posts"}],"about":[{"href":"https:\/\/nubesmgzdigital.com.ar\/index.php\/wp-json\/wp\/v2\/types\/post"}],"author":[{"embeddable":true,"href":"https:\/\/nubesmgzdigital.com.ar\/index.php\/wp-json\/wp\/v2\/users\/2"}],"replies":[{"embeddable":true,"href":"https:\/\/nubesmgzdigital.com.ar\/index.php\/wp-json\/wp\/v2\/comments?post=8777"}],"version-history":[{"count":2,"href":"https:\/\/nubesmgzdigital.com.ar\/index.php\/wp-json\/wp\/v2\/posts\/8777\/revisions"}],"predecessor-version":[{"id":8787,"href":"https:\/\/nubesmgzdigital.com.ar\/index.php\/wp-json\/wp\/v2\/posts\/8777\/revisions\/8787"}],"wp:featuredmedia":[{"embeddable":true,"href":"https:\/\/nubesmgzdigital.com.ar\/index.php\/wp-json\/wp\/v2\/media\/8785"}],"wp:attachment":[{"href":"https:\/\/nubesmgzdigital.com.ar\/index.php\/wp-json\/wp\/v2\/media?parent=8777"}],"wp:term":[{"taxonomy":"category","embeddable":true,"href":"https:\/\/nubesmgzdigital.com.ar\/index.php\/wp-json\/wp\/v2\/categories?post=8777"},{"taxonomy":"post_tag","embeddable":true,"href":"https:\/\/nubesmgzdigital.com.ar\/index.php\/wp-json\/wp\/v2\/tags?post=8777"}],"curies":[{"name":"wp","href":"https:\/\/api.w.org\/{rel}","templated":true}]}}