{"id":8792,"date":"2021-11-03T12:51:26","date_gmt":"2021-11-03T15:51:26","guid":{"rendered":"https:\/\/nubesmgzdigital.com.ar\/?p=8792"},"modified":"2021-11-03T12:51:28","modified_gmt":"2021-11-03T15:51:28","slug":"el-secretario-general-de-la-omt-la-emergencia-climatica-es-una-amenaza-mayor-que-la-covid","status":"publish","type":"post","link":"https:\/\/nubesmgzdigital.com.ar\/index.php\/2021\/11\/03\/el-secretario-general-de-la-omt-la-emergencia-climatica-es-una-amenaza-mayor-que-la-covid\/","title":{"rendered":"EL SECRETARIO GENERAL DE LA OMT: \u201cLA EMERGENCIA CLIM\u00c1TICA ES UNA AMENAZA MAYOR QUE LA COVID\u201d"},"content":{"rendered":"\n<h3 class=\"wp-block-heading\"><em>El secretario general de la Organizaci\u00f3n Mundial del Turismo ha advertido de que \u201cla emergencia clim\u00e1tica es una amenaza mayor que la COVID\u201d.<\/em><\/h3>\n\n\n\n<figure class=\"wp-block-image size-large\"><img loading=\"lazy\" decoding=\"async\" width=\"1024\" height=\"293\" src=\"https:\/\/nubesmgzdigital.com.ar\/wp-content\/uploads\/2021\/11\/foto-omt-1024x293.png\" alt=\"\" class=\"wp-image-8793\" srcset=\"https:\/\/nubesmgzdigital.com.ar\/wp-content\/uploads\/2021\/11\/foto-omt-1024x293.png 1024w, https:\/\/nubesmgzdigital.com.ar\/wp-content\/uploads\/2021\/11\/foto-omt-300x86.png 300w, https:\/\/nubesmgzdigital.com.ar\/wp-content\/uploads\/2021\/11\/foto-omt-768x220.png 768w, https:\/\/nubesmgzdigital.com.ar\/wp-content\/uploads\/2021\/11\/foto-omt-1536x440.png 1536w, https:\/\/nubesmgzdigital.com.ar\/wp-content\/uploads\/2021\/11\/foto-omt-696x199.png 696w, https:\/\/nubesmgzdigital.com.ar\/wp-content\/uploads\/2021\/11\/foto-omt-1068x306.png 1068w, https:\/\/nubesmgzdigital.com.ar\/wp-content\/uploads\/2021\/11\/foto-omt-1467x420.png 1467w, https:\/\/nubesmgzdigital.com.ar\/wp-content\/uploads\/2021\/11\/foto-omt.png 1883w\" sizes=\"auto, (max-width: 1024px) 100vw, 1024px\" \/><\/figure>\n\n\n\n<p>Zurab Pololikashvili, secretario general de la OMT, se\u00f1al\u00f3 que la pandemia ha golpeado al turismo con mayor dureza que a cualquier otro sector. El<strong>\u00a0turismo necesita apoyo de los Gobiernos<\/strong>\u00a0para reconstruirse de manera sostenible e inclusiva, y este apoyo debe prestarse mediante alianzas p\u00fablico-privadas m\u00e1s s\u00f3lidas e inversiones financieras mayores y mejor orientadas.<\/p>\n\n\n\n<p>Son comentarios que hizo durante la<strong>&nbsp;Cumbre de Ministros de la OMT, el WTTC y el WTM<\/strong>, celebrada en el segundo d\u00eda del WTM de Londres y en la que ministros de Turismo de todo el mundo debatieron sobre las inversiones en el futuro sostenible del turismo.<\/p>\n\n\n\n<p>\u201cEsta Cumbre nos ofrece la oportunidad de reforzar la sensibilizaci\u00f3n y la sostenibilidad\u201d, afirm\u00f3 Pololikashvili.<\/p>\n\n\n\n<p>Explic\u00f3 a los delegados que la reciente<strong>&nbsp;Declaraci\u00f3n de L\u00edderes de Roma, emitida por el G20<\/strong>, subraya espec\u00edficamente la necesidad de recuperar los viajes y el turismo, lo cual ayudar\u00e1 a su vez a las econom\u00edas en desarrollo.<\/p>\n\n\n\n<p>Declar\u00f3 adem\u00e1s que la inversi\u00f3n p\u00fablica \u201calentar\u00e1 e impulsar\u00e1\u201d la inversi\u00f3n privada en todo el mundo, y agreg\u00f3: \u201cEl turismo puede mejorar si los Gobiernos le prestan el apoyo adecuado\u201d.<\/p>\n\n\n\n<p class=\"has-text-align-right has-vivid-green-cyan-background-color has-background\"><strong>Esta Cumbre nos ofrece la oportunidad de reforzar la sensibilizaci\u00f3n y la sostenibilidad<\/strong><\/p>\n\n\n\n<p>\u201cVolver a la vieja normalidad no es una opci\u00f3n\u201d.<\/p>\n\n\n\n<p>Tambi\u00e9n afirm\u00f3 que el turismo representa una oportunidad de inversi\u00f3n libre de riesgos y subray\u00f3 la necesidad de invertir en la educaci\u00f3n y en los j\u00f3venes en el camino hacia unas emisiones igual a cero.<\/p>\n\n\n\n<p>En la Conferencia de las Naciones Unidas sobre el Cambio Clim\u00e1tico (COP26), la OMT, el Consejo Mundial de Turismo y Viajes (WTTC) y otros agentes del turismo y los viajes presentar\u00e1n oficialmente la&nbsp;<strong>Declaraci\u00f3n de Glasgow sobre la acci\u00f3n clim\u00e1tica en el turismo&nbsp;<\/strong>el jueves 4 de noviembre.<\/p>\n\n\n\n<p>El WTTC est\u00e1 planeando tambi\u00e9n presentar la hoja de ruta hacia la neutralidad clim\u00e1tica de los viajes y el turismo, para ayudar al sector a combatir el cambio clim\u00e1tico, como parte del impulso hacia la reducci\u00f3n a cero de las emisiones para 2050.<\/p>\n\n\n\n<p>La iniciativa est\u00e1 llev\u00e1ndose a cabo en colaboraci\u00f3n con el&nbsp;<strong>Programa de las Naciones Unidas para el Medio Ambiente (PNUMA)<\/strong>, as\u00ed como con los servicios profesionales y expertos consultores de Accenture.<\/p>\n\n\n\n<p>Julia Simpson, presidenta y CEO del WTTC, declar\u00f3 ante la Cumbre: \u201cNo tenemos alternativa: hemos de transformarnos en verde\u201d.<\/p>\n\n\n\n<p>Dijo tambi\u00e9n que el crecimiento sostenible es una prioridad clave para el WTTC y a\u00f1adi\u00f3: \u201cLos inversores y el p\u00fablico exigen que invirtamos para proteger el planeta y a las personas\u201d.<\/p>\n\n\n\n<p>\u201cDebemos invertir en asegurarnos de que los destinos sean lugares fant\u00e1sticos para vivir y no solo para visitar\u201d.<\/p>\n\n\n\n<p>Nigel Huddleston, MP, ministro de Turismo del Reino Unido, se mostr\u00f3 de acuerdo y afirm\u00f3: \u201cLa colaboraci\u00f3n entre los sectores p\u00fablico y privado responde a la demanda del consumidor\u201d.<\/p>\n\n\n\n<p>Dijo que su Gobierno puede ofrecer incentivos fiscales para alentar desarrollos sostenibles, por ejemplo, deducciones a la energ\u00eda solar y a los puntos de recarga de veh\u00edculos el\u00e9ctricos.<\/p>\n\n\n\n<p>Rita Marques, secretaria de Estado de Turismo de Portugal, explic\u00f3 c\u00f3mo su pa\u00eds est\u00e1 invirtiendo en servicios verdes y nuevas formas de desarrollar el turismo en todas las estaciones.<\/p>\n\n\n\n<p>Massimo Garavaglia, ministro italiano de Turismo, habl\u00f3 de c\u00f3mo Italia est\u00e1 abordando el sobreturismo en lugares como Venecia y Florencia, para animar a los visitantes a descubrir otras partes de Italia y sus diversos atractivos.<\/p>\n\n\n\n<p>Khaled El-Enany, ministro de Turismo y Antig\u00fcedades de Egipto, que albergar\u00e1 la conferencia por el clima del a\u00f1o pr\u00f3ximo (COP27), puso de relieve las iniciativas sostenibles egipcias, entre ellas un proyecto para proteger los arrecifes del Mar Rojo.<\/p>\n\n\n\n<p>Memunatu Pratt, ministra de Turismo y Cultura de Sierra Leona, habl\u00f3 de c\u00f3mo se est\u00e1 recuperando el turismo de la guerra civil y los brotes de \u00e9bola y COVID-19 en este pa\u00eds del \u00c1frica occidental.<\/p>\n\n\n\n<p>Afirm\u00f3 que las inversiones en infraestructura, transporte, atenci\u00f3n sanitaria y educaci\u00f3n estaban conjug\u00e1ndose con la necesidad de desarrollar un turismo sostenible.<\/p>\n\n\n\n<p>Federico Gonz\u00e1lez, jefe ejecutivo del Radisson Hotel Group, subray\u00f3 la necesidad de garantizar que los propietarios de hoteles peque\u00f1os entiendan c\u00f3mo hacer m\u00e1s sostenibles sus instalaciones, y David Lavorel, jefe ejecutivo de la compa\u00f1\u00eda de tecnolog\u00eda aeroportuaria SITA, explic\u00f3 c\u00f3mo la tecnolog\u00eda puede ayudar al sector de la aviaci\u00f3n a optimizar sus activos actuales para que sean m\u00e1s ecol\u00f3gicos.<\/p>\n\n\n\n<p>La OMT colaborar\u00e1 tambi\u00e9n con el Arabian Travel Market \u2013evento similar al WTM de Londres\u2013, que tendr\u00e1 lugar del 8 al 11 de mayo en Dub\u00e1i.<\/p>\n\n\n\n<figure class=\"wp-block-image size-large is-resized\"><a href=\"https:\/\/www.unwto.org\/es\/news\/la-emergencia-climatica-es-una-amenaza-mayor-que-la-covid\" target=\"_blank\" rel=\"noopener\"><img loading=\"lazy\" decoding=\"async\" src=\"http:\/\/nubesmgzdigital.com.ar\/wp-content\/uploads\/2021\/07\/omt-Noticias-1024x89.jpg\" alt=\"\" class=\"wp-image-7333\" width=\"836\" height=\"72\" srcset=\"https:\/\/nubesmgzdigital.com.ar\/wp-content\/uploads\/2021\/07\/omt-Noticias-1024x89.jpg 1024w, https:\/\/nubesmgzdigital.com.ar\/wp-content\/uploads\/2021\/07\/omt-Noticias-300x26.jpg 300w, https:\/\/nubesmgzdigital.com.ar\/wp-content\/uploads\/2021\/07\/omt-Noticias-768x67.jpg 768w, https:\/\/nubesmgzdigital.com.ar\/wp-content\/uploads\/2021\/07\/omt-Noticias-1536x133.jpg 1536w, https:\/\/nubesmgzdigital.com.ar\/wp-content\/uploads\/2021\/07\/omt-Noticias-696x60.jpg 696w, https:\/\/nubesmgzdigital.com.ar\/wp-content\/uploads\/2021\/07\/omt-Noticias-1068x93.jpg 1068w, https:\/\/nubesmgzdigital.com.ar\/wp-content\/uploads\/2021\/07\/omt-Noticias.jpg 1568w\" sizes=\"auto, (max-width: 836px) 100vw, 836px\" \/><\/a><\/figure>\n","protected":false},"excerpt":{"rendered":"<p>El secretario general de la Organizaci\u00f3n Mundial del Turismo ha advertido de que \u201cla emergencia clim\u00e1tica es una amenaza mayor que la COVID\u201d. Zurab Pololikashvili, secretario general de la OMT, se\u00f1al\u00f3 que la pandemia ha golpeado al turismo con mayor dureza que a cualquier otro sector. El\u00a0turismo necesita apoyo de los Gobiernos\u00a0para reconstruirse de manera [&hellip;]<\/p>\n","protected":false},"author":2,"featured_media":8794,"comment_status":"open","ping_status":"open","sticky":false,"template":"","format":"standard","meta":{"footnotes":""},"categories":[138],"tags":[],"class_list":["post-8792","post","type-post","status-publish","format-standard","has-post-thumbnail","hentry","category-medio-ambiente"],"post_mailing_queue_ids":[],"_links":{"self":[{"href":"https:\/\/nubesmgzdigital.com.ar\/index.php\/wp-json\/wp\/v2\/posts\/8792","targetHints":{"allow":["GET"]}}],"collection":[{"href":"https:\/\/nubesmgzdigital.com.ar\/index.php\/wp-json\/wp\/v2\/posts"}],"about":[{"href":"https:\/\/nubesmgzdigital.com.ar\/index.php\/wp-json\/wp\/v2\/types\/post"}],"author":[{"embeddable":true,"href":"https:\/\/nubesmgzdigital.com.ar\/index.php\/wp-json\/wp\/v2\/users\/2"}],"replies":[{"embeddable":true,"href":"https:\/\/nubesmgzdigital.com.ar\/index.php\/wp-json\/wp\/v2\/comments?post=8792"}],"version-history":[{"count":1,"href":"https:\/\/nubesmgzdigital.com.ar\/index.php\/wp-json\/wp\/v2\/posts\/8792\/revisions"}],"predecessor-version":[{"id":8795,"href":"https:\/\/nubesmgzdigital.com.ar\/index.php\/wp-json\/wp\/v2\/posts\/8792\/revisions\/8795"}],"wp:featuredmedia":[{"embeddable":true,"href":"https:\/\/nubesmgzdigital.com.ar\/index.php\/wp-json\/wp\/v2\/media\/8794"}],"wp:attachment":[{"href":"https:\/\/nubesmgzdigital.com.ar\/index.php\/wp-json\/wp\/v2\/media?parent=8792"}],"wp:term":[{"taxonomy":"category","embeddable":true,"href":"https:\/\/nubesmgzdigital.com.ar\/index.php\/wp-json\/wp\/v2\/categories?post=8792"},{"taxonomy":"post_tag","embeddable":true,"href":"https:\/\/nubesmgzdigital.com.ar\/index.php\/wp-json\/wp\/v2\/tags?post=8792"}],"curies":[{"name":"wp","href":"https:\/\/api.w.org\/{rel}","templated":true}]}}