{"id":8911,"date":"2021-11-09T12:33:55","date_gmt":"2021-11-09T15:33:55","guid":{"rendered":"https:\/\/nubesmgzdigital.com.ar\/?p=8911"},"modified":"2021-11-09T12:33:56","modified_gmt":"2021-11-09T15:33:56","slug":"manzur-se-reunio-con-el-titular-de-la-camara-argentina-de-turismo","status":"publish","type":"post","link":"https:\/\/nubesmgzdigital.com.ar\/index.php\/2021\/11\/09\/manzur-se-reunio-con-el-titular-de-la-camara-argentina-de-turismo\/","title":{"rendered":"MANZUR SE REUNI\u00d3 CON EL TITULAR DE LA C\u00c1MARA ARGENTINA DE TURISMO"},"content":{"rendered":"\n<p><em><strong>Durante el encuentro el jefe de Gabinete evalu\u00f3, junto al representante de la CAT, pol\u00edticas que brindar\u00e1n sustentabilidad y<\/strong> <strong>previsibilidad en el sector.<\/strong><\/em><\/p>\n\n\n\n<p>El jefe de Gabinete de Ministros de la Naci\u00f3n,\u00a0<strong>Juan Manzur<\/strong>, mantuvo hoy en Casa Rosada una reuni\u00f3n de trabajo con el presidente de la C\u00e1mara Argentina de Turismo (CAT),\u00a0<strong>Gustavo Hani<\/strong>, junto a quien evalu\u00f3 medidas que logren profundizar el desarrollo del sector y analiz\u00f3 pol\u00edticas a mediano y largo plazo.<\/p>\n\n\n\n<p><strong>\u201c<\/strong><strong>Coincidimos con el titular de la C\u00e1mara Argentina de Turismo en la centralidad de las pol\u00edticas p\u00fablicas que apuntan a la recuperaci\u00f3n y la reactivaci\u00f3n del sector, que fue uno de los m\u00e1s afectados por la pandemia y es una aut\u00e9ntica industria sin chimeneas\u201d<\/strong>, destac\u00f3 Manzur, quien sostuvo que el turismo&nbsp;<strong>\u201ces un gran impulsor de las econom\u00edas regionales, la generaci\u00f3n de empleo y es motor de la recuperaci\u00f3n econ\u00f3mica\u201d<\/strong>.<\/p>\n\n\n\n<p><strong>\u201cSomos un gobierno que trabaja diariamente en la construcci\u00f3n de un pa\u00eds con m\u00e1s oportunidades en cada rinc\u00f3n de la Argentina. En este sentido, el PreViaje es una inversi\u00f3n hist\u00f3rica del Estado nacional\u201d<\/strong>, se\u00f1al\u00f3 el jefe de Gabinete sobre el programa que, en su segunda edici\u00f3n, ya super\u00f3 los dos millones de turistas y cuadruplic\u00f3 la facturaci\u00f3n del a\u00f1o pasado.<\/p>\n\n\n\n<p>Durante la reuni\u00f3n, Manzur y Hani se comunicaron telef\u00f3nicamente tanto con el ministro de Turismo y Deportes,&nbsp;<strong>Mat\u00edas Lammens<\/strong>, como con el embajador argentino en Brasil,&nbsp;<strong>Daniel Scioli<\/strong>, junto a quienes analizaron las posibilidades de potenciar el sector y profundizar el intercambio con el pa\u00eds vecino.<\/p>\n\n\n\n<p>Al finalizar el encuentro, el presidente de la CAT expres\u00f3 que&nbsp;<strong>\u201cel jefe de Gabinete entiende la importancia del turismo para el pa\u00eds&nbsp;<\/strong><strong>como una actividad principal, eso nos llena de orgullo y nos potencia a seguir trabajando con mayor previsibilidad\u201d.<\/strong><\/p>\n\n\n\n<p><strong>\u201cNosotros necesitamos tener pol\u00edticas a largo plazo y desde el Gobierno Nacional se est\u00e1 trabajando en ese sentido\u201d<\/strong>,enfatiz\u00f3Hani, quien agreg\u00f3 que&nbsp;<strong>\u201cel Previaje es el plan m\u00e1s exitoso de los \u00faltimos a\u00f1os y se ha convertido en una herramienta de reactivaci\u00f3n fundamental para el turismo nacional\u201d.<\/strong><\/p>\n","protected":false},"excerpt":{"rendered":"<p>Durante el encuentro el jefe de Gabinete evalu\u00f3, junto al representante de la CAT, pol\u00edticas que brindar\u00e1n sustentabilidad y previsibilidad en el sector. El jefe de Gabinete de Ministros de la Naci\u00f3n,\u00a0Juan Manzur, mantuvo hoy en Casa Rosada una reuni\u00f3n de trabajo con el presidente de la C\u00e1mara Argentina de Turismo (CAT),\u00a0Gustavo Hani, junto a [&hellip;]<\/p>\n","protected":false},"author":2,"featured_media":8912,"comment_status":"open","ping_status":"open","sticky":false,"template":"","format":"standard","meta":{"footnotes":""},"categories":[111],"tags":[],"class_list":["post-8911","post","type-post","status-publish","format-standard","has-post-thumbnail","hentry","category-nacional"],"post_mailing_queue_ids":[],"_links":{"self":[{"href":"https:\/\/nubesmgzdigital.com.ar\/index.php\/wp-json\/wp\/v2\/posts\/8911","targetHints":{"allow":["GET"]}}],"collection":[{"href":"https:\/\/nubesmgzdigital.com.ar\/index.php\/wp-json\/wp\/v2\/posts"}],"about":[{"href":"https:\/\/nubesmgzdigital.com.ar\/index.php\/wp-json\/wp\/v2\/types\/post"}],"author":[{"embeddable":true,"href":"https:\/\/nubesmgzdigital.com.ar\/index.php\/wp-json\/wp\/v2\/users\/2"}],"replies":[{"embeddable":true,"href":"https:\/\/nubesmgzdigital.com.ar\/index.php\/wp-json\/wp\/v2\/comments?post=8911"}],"version-history":[{"count":1,"href":"https:\/\/nubesmgzdigital.com.ar\/index.php\/wp-json\/wp\/v2\/posts\/8911\/revisions"}],"predecessor-version":[{"id":8913,"href":"https:\/\/nubesmgzdigital.com.ar\/index.php\/wp-json\/wp\/v2\/posts\/8911\/revisions\/8913"}],"wp:featuredmedia":[{"embeddable":true,"href":"https:\/\/nubesmgzdigital.com.ar\/index.php\/wp-json\/wp\/v2\/media\/8912"}],"wp:attachment":[{"href":"https:\/\/nubesmgzdigital.com.ar\/index.php\/wp-json\/wp\/v2\/media?parent=8911"}],"wp:term":[{"taxonomy":"category","embeddable":true,"href":"https:\/\/nubesmgzdigital.com.ar\/index.php\/wp-json\/wp\/v2\/categories?post=8911"},{"taxonomy":"post_tag","embeddable":true,"href":"https:\/\/nubesmgzdigital.com.ar\/index.php\/wp-json\/wp\/v2\/tags?post=8911"}],"curies":[{"name":"wp","href":"https:\/\/api.w.org\/{rel}","templated":true}]}}