{"id":9355,"date":"2022-01-24T13:29:45","date_gmt":"2022-01-24T16:29:45","guid":{"rendered":"https:\/\/nubesmgzdigital.com.ar\/?p=9355"},"modified":"2022-01-24T13:29:46","modified_gmt":"2022-01-24T16:29:46","slug":"asicotur-trabaja-en-fitur-2022-por-el-futuro-de-la-cooperacionturistica","status":"publish","type":"post","link":"https:\/\/nubesmgzdigital.com.ar\/index.php\/2022\/01\/24\/asicotur-trabaja-en-fitur-2022-por-el-futuro-de-la-cooperacionturistica\/","title":{"rendered":"ASICOTUR trabaja en Fitur 2022 por el futuro de la #cooperaci\u00f3ntur\u00edstica"},"content":{"rendered":"\n<p>ASICOTUR, Asociaci\u00f3n Internacional para la Cooperaci\u00f3n Tur\u00edstica, cierra su visita a la 42\u00aa edici\u00f3n de Fitur, Feria de Turismo de Madrid, Espa\u00f1a con importantes avances y proyectos en marcha.<\/p>\n\n\n\n<p>Haciendo gala de los valores de cooperaci\u00f3n que definen ASICOTUR, nuestro Presidente y otros representantes de la Junta Directiva han trabajado en Fitur 2022 para, de manera presencial, avanzar proyectos de la Asociaci\u00f3n.<\/p>\n\n\n\n<p>Entre otras mantenidas destacan, por su relevancia en nuestros pr\u00f3ximos proyectos, las reuniones con el Inprotur de Argentina, la Mesa de Turismo de Espa\u00f1a, la Direcci\u00f3n del programa Xacobeo, la ATP de Panam\u00e1, el Estado de Durango, M\u00e9xico o el EMBRATUR de Chile.&nbsp;<\/p>\n\n\n\n<p>Esperamos que de todas ellas salgan adelante iniciativas que avancen la #cooperaci\u00f3ntur\u00edstica a nivel iberoamericano.<\/p>\n\n\n\n<figure class=\"wp-block-gallery columns-3 is-cropped wp-block-gallery-1 is-layout-flex wp-block-gallery-is-layout-flex\"><ul class=\"blocks-gallery-grid\"><li class=\"blocks-gallery-item\"><figure><img loading=\"lazy\" decoding=\"async\" width=\"1024\" height=\"768\" src=\"https:\/\/nubesmgzdigital.com.ar\/wp-content\/uploads\/2022\/01\/ASICOTUR-en-Fitur-2022-con-ATP-Panama.jpeg\" alt=\"\" data-id=\"9356\" data-full-url=\"https:\/\/nubesmgzdigital.com.ar\/wp-content\/uploads\/2022\/01\/ASICOTUR-en-Fitur-2022-con-ATP-Panama.jpeg\" data-link=\"https:\/\/nubesmgzdigital.com.ar\/?attachment_id=9356\" class=\"wp-image-9356\" srcset=\"https:\/\/nubesmgzdigital.com.ar\/wp-content\/uploads\/2022\/01\/ASICOTUR-en-Fitur-2022-con-ATP-Panama.jpeg 1024w, https:\/\/nubesmgzdigital.com.ar\/wp-content\/uploads\/2022\/01\/ASICOTUR-en-Fitur-2022-con-ATP-Panama-300x225.jpeg 300w, https:\/\/nubesmgzdigital.com.ar\/wp-content\/uploads\/2022\/01\/ASICOTUR-en-Fitur-2022-con-ATP-Panama-768x576.jpeg 768w, https:\/\/nubesmgzdigital.com.ar\/wp-content\/uploads\/2022\/01\/ASICOTUR-en-Fitur-2022-con-ATP-Panama-80x60.jpeg 80w, https:\/\/nubesmgzdigital.com.ar\/wp-content\/uploads\/2022\/01\/ASICOTUR-en-Fitur-2022-con-ATP-Panama-265x198.jpeg 265w, https:\/\/nubesmgzdigital.com.ar\/wp-content\/uploads\/2022\/01\/ASICOTUR-en-Fitur-2022-con-ATP-Panama-696x522.jpeg 696w, https:\/\/nubesmgzdigital.com.ar\/wp-content\/uploads\/2022\/01\/ASICOTUR-en-Fitur-2022-con-ATP-Panama-560x420.jpeg 560w\" sizes=\"auto, (max-width: 1024px) 100vw, 1024px\" \/><\/figure><\/li><li class=\"blocks-gallery-item\"><figure><img loading=\"lazy\" decoding=\"async\" width=\"1024\" height=\"576\" src=\"https:\/\/nubesmgzdigital.com.ar\/wp-content\/uploads\/2022\/01\/ASICOTUR-en-Fitur-2022-con-EMBRATUR-Chile.jpeg\" alt=\"\" data-id=\"9357\" data-full-url=\"https:\/\/nubesmgzdigital.com.ar\/wp-content\/uploads\/2022\/01\/ASICOTUR-en-Fitur-2022-con-EMBRATUR-Chile.jpeg\" data-link=\"https:\/\/nubesmgzdigital.com.ar\/?attachment_id=9357\" class=\"wp-image-9357\" srcset=\"https:\/\/nubesmgzdigital.com.ar\/wp-content\/uploads\/2022\/01\/ASICOTUR-en-Fitur-2022-con-EMBRATUR-Chile.jpeg 1024w, https:\/\/nubesmgzdigital.com.ar\/wp-content\/uploads\/2022\/01\/ASICOTUR-en-Fitur-2022-con-EMBRATUR-Chile-300x169.jpeg 300w, https:\/\/nubesmgzdigital.com.ar\/wp-content\/uploads\/2022\/01\/ASICOTUR-en-Fitur-2022-con-EMBRATUR-Chile-768x432.jpeg 768w, https:\/\/nubesmgzdigital.com.ar\/wp-content\/uploads\/2022\/01\/ASICOTUR-en-Fitur-2022-con-EMBRATUR-Chile-696x392.jpeg 696w, https:\/\/nubesmgzdigital.com.ar\/wp-content\/uploads\/2022\/01\/ASICOTUR-en-Fitur-2022-con-EMBRATUR-Chile-747x420.jpeg 747w\" sizes=\"auto, (max-width: 1024px) 100vw, 1024px\" \/><\/figure><\/li><li class=\"blocks-gallery-item\"><figure><img loading=\"lazy\" decoding=\"async\" width=\"1024\" height=\"768\" src=\"https:\/\/nubesmgzdigital.com.ar\/wp-content\/uploads\/2022\/01\/ASICOTUR-en-Fitur-2022-con-Direccion-proyecto-Xacobeo-en-Galicia-Espana.jpeg\" alt=\"\" data-id=\"9358\" data-full-url=\"https:\/\/nubesmgzdigital.com.ar\/wp-content\/uploads\/2022\/01\/ASICOTUR-en-Fitur-2022-con-Direccion-proyecto-Xacobeo-en-Galicia-Espana.jpeg\" data-link=\"https:\/\/nubesmgzdigital.com.ar\/?attachment_id=9358\" class=\"wp-image-9358\" srcset=\"https:\/\/nubesmgzdigital.com.ar\/wp-content\/uploads\/2022\/01\/ASICOTUR-en-Fitur-2022-con-Direccion-proyecto-Xacobeo-en-Galicia-Espana.jpeg 1024w, https:\/\/nubesmgzdigital.com.ar\/wp-content\/uploads\/2022\/01\/ASICOTUR-en-Fitur-2022-con-Direccion-proyecto-Xacobeo-en-Galicia-Espana-300x225.jpeg 300w, https:\/\/nubesmgzdigital.com.ar\/wp-content\/uploads\/2022\/01\/ASICOTUR-en-Fitur-2022-con-Direccion-proyecto-Xacobeo-en-Galicia-Espana-768x576.jpeg 768w, https:\/\/nubesmgzdigital.com.ar\/wp-content\/uploads\/2022\/01\/ASICOTUR-en-Fitur-2022-con-Direccion-proyecto-Xacobeo-en-Galicia-Espana-80x60.jpeg 80w, https:\/\/nubesmgzdigital.com.ar\/wp-content\/uploads\/2022\/01\/ASICOTUR-en-Fitur-2022-con-Direccion-proyecto-Xacobeo-en-Galicia-Espana-265x198.jpeg 265w, https:\/\/nubesmgzdigital.com.ar\/wp-content\/uploads\/2022\/01\/ASICOTUR-en-Fitur-2022-con-Direccion-proyecto-Xacobeo-en-Galicia-Espana-696x522.jpeg 696w, https:\/\/nubesmgzdigital.com.ar\/wp-content\/uploads\/2022\/01\/ASICOTUR-en-Fitur-2022-con-Direccion-proyecto-Xacobeo-en-Galicia-Espana-560x420.jpeg 560w\" sizes=\"auto, (max-width: 1024px) 100vw, 1024px\" \/><\/figure><\/li><li class=\"blocks-gallery-item\"><figure><img loading=\"lazy\" decoding=\"async\" width=\"1024\" height=\"768\" src=\"https:\/\/nubesmgzdigital.com.ar\/wp-content\/uploads\/2022\/01\/ASICOTUR-en-Fitur-2022-con-Estado-de-Durango-Mexico.jpeg\" alt=\"\" data-id=\"9359\" data-full-url=\"https:\/\/nubesmgzdigital.com.ar\/wp-content\/uploads\/2022\/01\/ASICOTUR-en-Fitur-2022-con-Estado-de-Durango-Mexico.jpeg\" data-link=\"https:\/\/nubesmgzdigital.com.ar\/?attachment_id=9359\" class=\"wp-image-9359\" srcset=\"https:\/\/nubesmgzdigital.com.ar\/wp-content\/uploads\/2022\/01\/ASICOTUR-en-Fitur-2022-con-Estado-de-Durango-Mexico.jpeg 1024w, https:\/\/nubesmgzdigital.com.ar\/wp-content\/uploads\/2022\/01\/ASICOTUR-en-Fitur-2022-con-Estado-de-Durango-Mexico-300x225.jpeg 300w, https:\/\/nubesmgzdigital.com.ar\/wp-content\/uploads\/2022\/01\/ASICOTUR-en-Fitur-2022-con-Estado-de-Durango-Mexico-768x576.jpeg 768w, https:\/\/nubesmgzdigital.com.ar\/wp-content\/uploads\/2022\/01\/ASICOTUR-en-Fitur-2022-con-Estado-de-Durango-Mexico-80x60.jpeg 80w, https:\/\/nubesmgzdigital.com.ar\/wp-content\/uploads\/2022\/01\/ASICOTUR-en-Fitur-2022-con-Estado-de-Durango-Mexico-265x198.jpeg 265w, https:\/\/nubesmgzdigital.com.ar\/wp-content\/uploads\/2022\/01\/ASICOTUR-en-Fitur-2022-con-Estado-de-Durango-Mexico-696x522.jpeg 696w, https:\/\/nubesmgzdigital.com.ar\/wp-content\/uploads\/2022\/01\/ASICOTUR-en-Fitur-2022-con-Estado-de-Durango-Mexico-560x420.jpeg 560w\" sizes=\"auto, (max-width: 1024px) 100vw, 1024px\" \/><\/figure><\/li><li class=\"blocks-gallery-item\"><figure><img loading=\"lazy\" decoding=\"async\" width=\"1024\" height=\"768\" src=\"https:\/\/nubesmgzdigital.com.ar\/wp-content\/uploads\/2022\/01\/ASICOTUR-en-Fitur-2022-con-Mesa-de-Turismo-de-Espana.png\" alt=\"\" data-id=\"9360\" data-full-url=\"https:\/\/nubesmgzdigital.com.ar\/wp-content\/uploads\/2022\/01\/ASICOTUR-en-Fitur-2022-con-Mesa-de-Turismo-de-Espana.png\" data-link=\"https:\/\/nubesmgzdigital.com.ar\/?attachment_id=9360\" class=\"wp-image-9360\" srcset=\"https:\/\/nubesmgzdigital.com.ar\/wp-content\/uploads\/2022\/01\/ASICOTUR-en-Fitur-2022-con-Mesa-de-Turismo-de-Espana.png 1024w, https:\/\/nubesmgzdigital.com.ar\/wp-content\/uploads\/2022\/01\/ASICOTUR-en-Fitur-2022-con-Mesa-de-Turismo-de-Espana-300x225.png 300w, https:\/\/nubesmgzdigital.com.ar\/wp-content\/uploads\/2022\/01\/ASICOTUR-en-Fitur-2022-con-Mesa-de-Turismo-de-Espana-768x576.png 768w, https:\/\/nubesmgzdigital.com.ar\/wp-content\/uploads\/2022\/01\/ASICOTUR-en-Fitur-2022-con-Mesa-de-Turismo-de-Espana-80x60.png 80w, https:\/\/nubesmgzdigital.com.ar\/wp-content\/uploads\/2022\/01\/ASICOTUR-en-Fitur-2022-con-Mesa-de-Turismo-de-Espana-265x198.png 265w, https:\/\/nubesmgzdigital.com.ar\/wp-content\/uploads\/2022\/01\/ASICOTUR-en-Fitur-2022-con-Mesa-de-Turismo-de-Espana-696x522.png 696w, https:\/\/nubesmgzdigital.com.ar\/wp-content\/uploads\/2022\/01\/ASICOTUR-en-Fitur-2022-con-Mesa-de-Turismo-de-Espana-560x420.png 560w\" sizes=\"auto, (max-width: 1024px) 100vw, 1024px\" \/><\/figure><\/li><\/ul><\/figure>\n","protected":false},"excerpt":{"rendered":"<p>ASICOTUR, Asociaci\u00f3n Internacional para la Cooperaci\u00f3n Tur\u00edstica, cierra su visita a la 42\u00aa edici\u00f3n de Fitur, Feria de Turismo de Madrid, Espa\u00f1a con importantes avances y proyectos en marcha. Haciendo gala de los valores de cooperaci\u00f3n que definen ASICOTUR, nuestro Presidente y otros representantes de la Junta Directiva han trabajado en Fitur 2022 para, de [&hellip;]<\/p>\n","protected":false},"author":2,"featured_media":9361,"comment_status":"open","ping_status":"open","sticky":false,"template":"","format":"standard","meta":{"footnotes":""},"categories":[112],"tags":[],"class_list":["post-9355","post","type-post","status-publish","format-standard","has-post-thumbnail","hentry","category-eventos"],"post_mailing_queue_ids":[],"_links":{"self":[{"href":"https:\/\/nubesmgzdigital.com.ar\/index.php\/wp-json\/wp\/v2\/posts\/9355","targetHints":{"allow":["GET"]}}],"collection":[{"href":"https:\/\/nubesmgzdigital.com.ar\/index.php\/wp-json\/wp\/v2\/posts"}],"about":[{"href":"https:\/\/nubesmgzdigital.com.ar\/index.php\/wp-json\/wp\/v2\/types\/post"}],"author":[{"embeddable":true,"href":"https:\/\/nubesmgzdigital.com.ar\/index.php\/wp-json\/wp\/v2\/users\/2"}],"replies":[{"embeddable":true,"href":"https:\/\/nubesmgzdigital.com.ar\/index.php\/wp-json\/wp\/v2\/comments?post=9355"}],"version-history":[{"count":1,"href":"https:\/\/nubesmgzdigital.com.ar\/index.php\/wp-json\/wp\/v2\/posts\/9355\/revisions"}],"predecessor-version":[{"id":9362,"href":"https:\/\/nubesmgzdigital.com.ar\/index.php\/wp-json\/wp\/v2\/posts\/9355\/revisions\/9362"}],"wp:featuredmedia":[{"embeddable":true,"href":"https:\/\/nubesmgzdigital.com.ar\/index.php\/wp-json\/wp\/v2\/media\/9361"}],"wp:attachment":[{"href":"https:\/\/nubesmgzdigital.com.ar\/index.php\/wp-json\/wp\/v2\/media?parent=9355"}],"wp:term":[{"taxonomy":"category","embeddable":true,"href":"https:\/\/nubesmgzdigital.com.ar\/index.php\/wp-json\/wp\/v2\/categories?post=9355"},{"taxonomy":"post_tag","embeddable":true,"href":"https:\/\/nubesmgzdigital.com.ar\/index.php\/wp-json\/wp\/v2\/tags?post=9355"}],"curies":[{"name":"wp","href":"https:\/\/api.w.org\/{rel}","templated":true}]}}