{"id":9388,"date":"2022-01-27T21:34:25","date_gmt":"2022-01-28T00:34:25","guid":{"rendered":"https:\/\/nubesmgzdigital.com.ar\/?p=9388"},"modified":"2022-01-27T21:34:26","modified_gmt":"2022-01-28T00:34:26","slug":"venezuela-busca-ser-potencia-turistica","status":"publish","type":"post","link":"https:\/\/nubesmgzdigital.com.ar\/index.php\/2022\/01\/27\/venezuela-busca-ser-potencia-turistica\/","title":{"rendered":"Venezuela busca ser potencia tur\u00edstica"},"content":{"rendered":"\n<p class=\"has-text-align-right has-pale-cyan-blue-color has-text-color\">Twitter de FITVEN<\/p>\n\n\n\n<p>El ministro de Turismo de Venezuela Al\u00ed Padr\u00f3n declar\u00f3 que Venezuela busca ser una potencia de la industria tur\u00edstica con el fin de diversificar las fuentes de ingresos del pa\u00eds.<\/p>\n\n\n\n<p>El titular destac\u00f3 que el pa\u00eds tiene un buen potencial tur\u00edstico entre visitantes interesados en diversos destinos, en particular sus atractivos naturales y culturales.<\/p>\n\n\n\n<div class=\"wp-block-image\"><figure class=\"alignright size-large is-resized\"><img loading=\"lazy\" decoding=\"async\" src=\"https:\/\/nubesmgzdigital.com.ar\/wp-content\/uploads\/2022\/01\/R-1024x681.jpg\" alt=\"\" class=\"wp-image-9390\" width=\"306\" height=\"203\" srcset=\"https:\/\/nubesmgzdigital.com.ar\/wp-content\/uploads\/2022\/01\/R-1024x681.jpg 1024w, https:\/\/nubesmgzdigital.com.ar\/wp-content\/uploads\/2022\/01\/R-300x199.jpg 300w, https:\/\/nubesmgzdigital.com.ar\/wp-content\/uploads\/2022\/01\/R-768x511.jpg 768w, https:\/\/nubesmgzdigital.com.ar\/wp-content\/uploads\/2022\/01\/R-1536x1021.jpg 1536w, https:\/\/nubesmgzdigital.com.ar\/wp-content\/uploads\/2022\/01\/R-696x463.jpg 696w, https:\/\/nubesmgzdigital.com.ar\/wp-content\/uploads\/2022\/01\/R-1068x710.jpg 1068w, https:\/\/nubesmgzdigital.com.ar\/wp-content\/uploads\/2022\/01\/R-632x420.jpg 632w, https:\/\/nubesmgzdigital.com.ar\/wp-content\/uploads\/2022\/01\/R.jpg 1575w\" sizes=\"auto, (max-width: 306px) 100vw, 306px\" \/><figcaption><strong>Parque Nacional Canaima<\/strong><\/figcaption><\/figure><\/div>\n\n\n\n<p>Venezuela cuenta con 44 parques nacionales para ofrecer al mundo, en un escenario marcado por el creciente inter\u00e9s en el turismo de naturaleza describi\u00f3.<\/p>\n\n\n\n<p>\u00abSomos un pa\u00eds caribe\u00f1o, andino y amaz\u00f3nico, todas esas cualidades sumadas a nuestra gente, cultura y gastronom\u00eda, da como resultado condiciones para convertirnos en potencia tur\u00edstica\u00bb, subray\u00f3<\/p>\n\n\n\n<p>Venezuela organiz\u00f3 el pasado mes de diciembre 2021 la\u00a0 Feria Internacional de Turismo Fitven 2021.<\/p>\n\n\n\n<figure class=\"wp-block-image size-full\"><img loading=\"lazy\" decoding=\"async\" width=\"900\" height=\"600\" src=\"https:\/\/nubesmgzdigital.com.ar\/wp-content\/uploads\/2022\/01\/22ZC_L6991_W.jpg\" alt=\"\" class=\"wp-image-9389\" srcset=\"https:\/\/nubesmgzdigital.com.ar\/wp-content\/uploads\/2022\/01\/22ZC_L6991_W.jpg 900w, https:\/\/nubesmgzdigital.com.ar\/wp-content\/uploads\/2022\/01\/22ZC_L6991_W-300x200.jpg 300w, https:\/\/nubesmgzdigital.com.ar\/wp-content\/uploads\/2022\/01\/22ZC_L6991_W-768x512.jpg 768w, https:\/\/nubesmgzdigital.com.ar\/wp-content\/uploads\/2022\/01\/22ZC_L6991_W-696x464.jpg 696w, https:\/\/nubesmgzdigital.com.ar\/wp-content\/uploads\/2022\/01\/22ZC_L6991_W-630x420.jpg 630w\" sizes=\"auto, (max-width: 900px) 100vw, 900px\" \/><figcaption><span style=\"color:#abb8c3\" class=\"tadv-color\">Prensa Presidencial\/Zurimar Campos<\/span><\/figcaption><\/figure>\n\n\n\n<p>El presidente de la Rep\u00fablica Bolivariana de Venezuela, Nicol\u00e1s Maduro Moros, participo en la clausura de la edici\u00f3n XIV de la Feria Internacional de Turismo de Venezuela (FitVen) celebrada en el estado La Guaira.<\/p>\n\n\n\n<p>El magno evento tur\u00edstico, que inici\u00f3 el pasado mes de diciembre, ha contado con stands de expositores internacionales, entre ellos, los invitados de honor: Cuba, Nicaragua, Sud\u00e1frica, Indonesia, Ir\u00e1n y Rusia.<\/p>\n\n\n\n<p>Tambi\u00e9n participaron representantes de los sectores p\u00fablicos y privados de la naci\u00f3n, entre ellas est\u00e1n aerol\u00edneas, operadores tur\u00edsticos, prestadores de servicios tur\u00edsticos y servicios conexos, agencias de viaje mayoristas, entre otros.<\/p>\n\n\n\n<p>Durante el evento se han realizado conferencias, seminarios y obras culturales.<\/p>\n\n\n\n<p>En esta actividad se ofrecer\u00e1 un balance general de todo lo aportado por los participantes con el objetivo de afianzar las estrategias en la promoci\u00f3n de la cultura y riquezas naturales que se encuentran en la naci\u00f3n venezolana.<\/p>\n\n\n\n<p>Acompa\u00f1an al Dignatario el vicepresidente para el \u00e1rea econ\u00f3mica, Tareck El Aissami, el ministro del Poder Popular para el Turismo, Al\u00ed Padr\u00f3n, el titular del Despacho de la Presidencia, Jorge M\u00e1rquez, y dem\u00e1s personalidades.<\/p>\n\n\n\n<p>Prensa venezolana<\/p>\n","protected":false},"excerpt":{"rendered":"<p>Twitter de FITVEN El ministro de Turismo de Venezuela Al\u00ed Padr\u00f3n declar\u00f3 que Venezuela busca ser una potencia de la industria tur\u00edstica con el fin de diversificar las fuentes de ingresos del pa\u00eds. El titular destac\u00f3 que el pa\u00eds tiene un buen potencial tur\u00edstico entre visitantes interesados en diversos destinos, en particular sus atractivos naturales [&hellip;]<\/p>\n","protected":false},"author":2,"featured_media":9391,"comment_status":"open","ping_status":"open","sticky":false,"template":"","format":"standard","meta":{"footnotes":""},"categories":[114],"tags":[],"class_list":["post-9388","post","type-post","status-publish","format-standard","has-post-thumbnail","hentry","category-turismo-destinos"],"post_mailing_queue_ids":[],"_links":{"self":[{"href":"https:\/\/nubesmgzdigital.com.ar\/index.php\/wp-json\/wp\/v2\/posts\/9388","targetHints":{"allow":["GET"]}}],"collection":[{"href":"https:\/\/nubesmgzdigital.com.ar\/index.php\/wp-json\/wp\/v2\/posts"}],"about":[{"href":"https:\/\/nubesmgzdigital.com.ar\/index.php\/wp-json\/wp\/v2\/types\/post"}],"author":[{"embeddable":true,"href":"https:\/\/nubesmgzdigital.com.ar\/index.php\/wp-json\/wp\/v2\/users\/2"}],"replies":[{"embeddable":true,"href":"https:\/\/nubesmgzdigital.com.ar\/index.php\/wp-json\/wp\/v2\/comments?post=9388"}],"version-history":[{"count":1,"href":"https:\/\/nubesmgzdigital.com.ar\/index.php\/wp-json\/wp\/v2\/posts\/9388\/revisions"}],"predecessor-version":[{"id":9392,"href":"https:\/\/nubesmgzdigital.com.ar\/index.php\/wp-json\/wp\/v2\/posts\/9388\/revisions\/9392"}],"wp:featuredmedia":[{"embeddable":true,"href":"https:\/\/nubesmgzdigital.com.ar\/index.php\/wp-json\/wp\/v2\/media\/9391"}],"wp:attachment":[{"href":"https:\/\/nubesmgzdigital.com.ar\/index.php\/wp-json\/wp\/v2\/media?parent=9388"}],"wp:term":[{"taxonomy":"category","embeddable":true,"href":"https:\/\/nubesmgzdigital.com.ar\/index.php\/wp-json\/wp\/v2\/categories?post=9388"},{"taxonomy":"post_tag","embeddable":true,"href":"https:\/\/nubesmgzdigital.com.ar\/index.php\/wp-json\/wp\/v2\/tags?post=9388"}],"curies":[{"name":"wp","href":"https:\/\/api.w.org\/{rel}","templated":true}]}}