{"id":9409,"date":"2022-01-31T13:59:28","date_gmt":"2022-01-31T16:59:28","guid":{"rendered":"https:\/\/nubesmgzdigital.com.ar\/?p=9409"},"modified":"2022-01-31T14:04:11","modified_gmt":"2022-01-31T17:04:11","slug":"mozambique-un-pais-de-oportunidades-ha-sido-el-tema-desarrollado-en-la-reunion-mensual-de-asociados-de-asicotur-que-acogio-a-representantes-de-22-paises","status":"publish","type":"post","link":"https:\/\/nubesmgzdigital.com.ar\/index.php\/2022\/01\/31\/mozambique-un-pais-de-oportunidades-ha-sido-el-tema-desarrollado-en-la-reunion-mensual-de-asociados-de-asicotur-que-acogio-a-representantes-de-22-paises\/","title":{"rendered":"\u201cMozambique, un pa\u00eds de oportunidades\u201d, ha sido el tema desarrollado en la reuni\u00f3n mensual de Asociados de ASICOTUR, que acogi\u00f3 a representantes de 22 pa\u00edses."},"content":{"rendered":"\n<h5 class=\"wp-block-heading\" id=\"asociados-y-delegados-de-asicotur-se-reunieron-virtualmente-desde-angola-argentina-chile-colombia-costa-rica-cuba-ecuador-el-salvador-espana-guatemala-guinea-ecuatorial-mexico-mozambique-nicaragua-panama-paraguay-peru-portugal-republica-dominicana-santo-tome-y-principe-uruguay-y-venezuela-para-compartir-las-experiencias-de-la-asociacion-en-fitur2022-feria-clave-del-turismo-iberoamericano-y-para-dar-la-bienvenida-a-los-nuevos-delegados-en-cabo-verde-guinea-ecuatorial-y-panama\">Asociados y Delegados de ASICOTUR se reunieron virtualmente desde Angola, Argentina, Chile, Colombia, Costa Rica, Cuba, Ecuador, El Salvador, Espa\u00f1a, Guatemala, Guinea Ecuatorial, M\u00e9xico, Mozambique, Nicaragua, Panam\u00e1, Paraguay, Per\u00fa, Portugal, Rep\u00fablica Dominicana, Santo Tom\u00e9 y Pr\u00edncipe, Uruguay y Venezuela para compartir las experiencias de la Asociaci\u00f3n en Fitur2022, feria clave del turismo iberoamericano; y para dar la bienvenida a los nuevos Delegados en Cabo Verde, Guinea Ecuatorial y Panam\u00e1.<\/h5>\n\n\n\n<figure class=\"wp-block-gallery has-nested-images columns-default is-cropped wp-block-gallery-1 is-layout-flex wp-block-gallery-is-layout-flex\">\n<figure class=\"wp-block-image size-large\"><img loading=\"lazy\" decoding=\"async\" width=\"2036\" height=\"1135\" data-id=\"9411\" src=\"http:\/\/nubesmgzdigital.com.ar\/wp-content\/uploads\/2022\/01\/Asociados-ASICOTUR-enero-2022.png\" alt=\"\" class=\"wp-image-9411\" srcset=\"https:\/\/nubesmgzdigital.com.ar\/wp-content\/uploads\/2022\/01\/Asociados-ASICOTUR-enero-2022.png 2036w, https:\/\/nubesmgzdigital.com.ar\/wp-content\/uploads\/2022\/01\/Asociados-ASICOTUR-enero-2022-300x167.png 300w, https:\/\/nubesmgzdigital.com.ar\/wp-content\/uploads\/2022\/01\/Asociados-ASICOTUR-enero-2022-1024x571.png 1024w, https:\/\/nubesmgzdigital.com.ar\/wp-content\/uploads\/2022\/01\/Asociados-ASICOTUR-enero-2022-768x428.png 768w, https:\/\/nubesmgzdigital.com.ar\/wp-content\/uploads\/2022\/01\/Asociados-ASICOTUR-enero-2022-1536x856.png 1536w, https:\/\/nubesmgzdigital.com.ar\/wp-content\/uploads\/2022\/01\/Asociados-ASICOTUR-enero-2022-696x388.png 696w, https:\/\/nubesmgzdigital.com.ar\/wp-content\/uploads\/2022\/01\/Asociados-ASICOTUR-enero-2022-1068x595.png 1068w, https:\/\/nubesmgzdigital.com.ar\/wp-content\/uploads\/2022\/01\/Asociados-ASICOTUR-enero-2022-753x420.png 753w\" sizes=\"auto, (max-width: 2036px) 100vw, 2036px\" \/><\/figure>\n\n\n\n<figure class=\"wp-block-image size-large\"><img loading=\"lazy\" decoding=\"async\" width=\"2048\" height=\"1280\" data-id=\"9410\" src=\"http:\/\/nubesmgzdigital.com.ar\/wp-content\/uploads\/2022\/01\/Asociados-ASICOTUR-enero-2022-presentacio\u0301n-Mozambique.png\" alt=\"\" class=\"wp-image-9410\" srcset=\"https:\/\/nubesmgzdigital.com.ar\/wp-content\/uploads\/2022\/01\/Asociados-ASICOTUR-enero-2022-presentacio\u0301n-Mozambique.png 2048w, https:\/\/nubesmgzdigital.com.ar\/wp-content\/uploads\/2022\/01\/Asociados-ASICOTUR-enero-2022-presentacio\u0301n-Mozambique-300x188.png 300w, https:\/\/nubesmgzdigital.com.ar\/wp-content\/uploads\/2022\/01\/Asociados-ASICOTUR-enero-2022-presentacio\u0301n-Mozambique-1024x640.png 1024w, https:\/\/nubesmgzdigital.com.ar\/wp-content\/uploads\/2022\/01\/Asociados-ASICOTUR-enero-2022-presentacio\u0301n-Mozambique-768x480.png 768w, https:\/\/nubesmgzdigital.com.ar\/wp-content\/uploads\/2022\/01\/Asociados-ASICOTUR-enero-2022-presentacio\u0301n-Mozambique-1536x960.png 1536w, https:\/\/nubesmgzdigital.com.ar\/wp-content\/uploads\/2022\/01\/Asociados-ASICOTUR-enero-2022-presentacio\u0301n-Mozambique-696x435.png 696w, https:\/\/nubesmgzdigital.com.ar\/wp-content\/uploads\/2022\/01\/Asociados-ASICOTUR-enero-2022-presentacio\u0301n-Mozambique-1068x668.png 1068w, https:\/\/nubesmgzdigital.com.ar\/wp-content\/uploads\/2022\/01\/Asociados-ASICOTUR-enero-2022-presentacio\u0301n-Mozambique-672x420.png 672w\" sizes=\"auto, (max-width: 2048px) 100vw, 2048px\" \/><\/figure>\n<\/figure>\n\n\n\n<p>El Presidente de ASICOTUR, Alejandro Rub\u00edn, comparti\u00f3 el trabajo realizado en la feria; con muchas citas de relevancia de las que se espera salgan adelante proyectos para la Asociaci\u00f3n. Entre otras, se destacan las reuniones con el INPROTUR de Argentina, con las autoridades tur\u00edsticas del mexicano estado de Durango, la Direcci\u00f3n del Programa Xacobeo, el EMBRATUR de Chile, o con la Mesa de Turismo de Espa\u00f1a.<\/p>\n\n\n\n<figure class=\"wp-block-gallery has-nested-images columns-default is-cropped wp-block-gallery-2 is-layout-flex wp-block-gallery-is-layout-flex\"><\/figure>\n\n\n\n<p>Los presentes en la reuni\u00f3n tuvieron, adem\u00e1s, la oportunidad de conocer de la mano de Yassin Amuji, Delegado de ASICOTUR en Mozambique, sobre el presente y el futuro del turismo en el pa\u00eds africano. El ponente traslad\u00f3 a los participantes que Mozambique, crecer\u00e1 como destino al aprovechar su rica biodiversidad para actividades, como el ecoturismo o el turismo rural y los ofrezca, como productos complementarios, al ya conocido turismo de sol y playa. Plante\u00f3 adem\u00e1s las oportunidades de inversi\u00f3n en el destino.<\/p>\n\n\n\n<p>&nbsp;Distintos miembros de la Junta Directiva intervinieron sobre diversos temas en tr\u00e1mite, finalizando el encuentro con un coloquio sobre los temas expuestos.<\/p>\n","protected":false},"excerpt":{"rendered":"<p>Asociados y Delegados de ASICOTUR se reunieron virtualmente desde Angola, Argentina, Chile, Colombia, Costa Rica, Cuba, Ecuador, El Salvador, Espa\u00f1a, Guatemala, Guinea Ecuatorial, M\u00e9xico, Mozambique, Nicaragua, Panam\u00e1, Paraguay, Per\u00fa, Portugal, Rep\u00fablica Dominicana, Santo Tom\u00e9 y Pr\u00edncipe, Uruguay y Venezuela para compartir las experiencias de la Asociaci\u00f3n en Fitur2022, feria clave del turismo iberoamericano; y para [&hellip;]<\/p>\n","protected":false},"author":2,"featured_media":9411,"comment_status":"open","ping_status":"open","sticky":false,"template":"","format":"standard","meta":{"footnotes":""},"categories":[113],"tags":[],"class_list":["post-9409","post","type-post","status-publish","format-standard","has-post-thumbnail","hentry","category-internacional"],"post_mailing_queue_ids":[],"_links":{"self":[{"href":"https:\/\/nubesmgzdigital.com.ar\/index.php\/wp-json\/wp\/v2\/posts\/9409","targetHints":{"allow":["GET"]}}],"collection":[{"href":"https:\/\/nubesmgzdigital.com.ar\/index.php\/wp-json\/wp\/v2\/posts"}],"about":[{"href":"https:\/\/nubesmgzdigital.com.ar\/index.php\/wp-json\/wp\/v2\/types\/post"}],"author":[{"embeddable":true,"href":"https:\/\/nubesmgzdigital.com.ar\/index.php\/wp-json\/wp\/v2\/users\/2"}],"replies":[{"embeddable":true,"href":"https:\/\/nubesmgzdigital.com.ar\/index.php\/wp-json\/wp\/v2\/comments?post=9409"}],"version-history":[{"count":3,"href":"https:\/\/nubesmgzdigital.com.ar\/index.php\/wp-json\/wp\/v2\/posts\/9409\/revisions"}],"predecessor-version":[{"id":9414,"href":"https:\/\/nubesmgzdigital.com.ar\/index.php\/wp-json\/wp\/v2\/posts\/9409\/revisions\/9414"}],"wp:featuredmedia":[{"embeddable":true,"href":"https:\/\/nubesmgzdigital.com.ar\/index.php\/wp-json\/wp\/v2\/media\/9411"}],"wp:attachment":[{"href":"https:\/\/nubesmgzdigital.com.ar\/index.php\/wp-json\/wp\/v2\/media?parent=9409"}],"wp:term":[{"taxonomy":"category","embeddable":true,"href":"https:\/\/nubesmgzdigital.com.ar\/index.php\/wp-json\/wp\/v2\/categories?post=9409"},{"taxonomy":"post_tag","embeddable":true,"href":"https:\/\/nubesmgzdigital.com.ar\/index.php\/wp-json\/wp\/v2\/tags?post=9409"}],"curies":[{"name":"wp","href":"https:\/\/api.w.org\/{rel}","templated":true}]}}