{"id":9415,"date":"2022-01-31T17:57:26","date_gmt":"2022-01-31T20:57:26","guid":{"rendered":"https:\/\/nubesmgzdigital.com.ar\/?p=9415"},"modified":"2022-01-31T17:57:27","modified_gmt":"2022-01-31T20:57:27","slug":"la-ruta-40-y-la-ruta-azul-le-ponen-ritmo-al-verano-en-santa-cruz","status":"publish","type":"post","link":"https:\/\/nubesmgzdigital.com.ar\/index.php\/2022\/01\/31\/la-ruta-40-y-la-ruta-azul-le-ponen-ritmo-al-verano-en-santa-cruz\/","title":{"rendered":"La Ruta 40 y la Ruta Azul le ponen ritmo al verano en Santa Cruz"},"content":{"rendered":"\n<p class=\"has-text-align-right\"><span style=\"color:#abb8c3\" class=\"tadv-color\">Por: Sonia Renison<\/span><\/p>\n\n\n\n<p>El verano santacruce\u00f1o se viste de fiesta durante febrero y marzo con los eventos que se desarrollan en cada localidad con propuestas deportivas, gastron\u00f3micas, musicales y paseos de artesanos.<\/p>\n\n\n\n<p>Las localidades de Puerto Santa Cruz; 28 de Noviembre; R\u00edo Turbio, El Calafate y Comandante Luis Piedrabuena son eje en este verano con distintas fiestas populares que dinamizan cada corredor tur\u00edstico como el de Ruta 40 y la Ruta Azul, junto al litoral marino costero santacruce\u00f1o, en una temporada donde se registran picos de m\u00e1s del 90 por ciento de ocupaci\u00f3n.<\/p>\n\n\n\n<p>\u201cLa ocupaci\u00f3n registrada en el primer mes del verano en nuestra provincia muestra el movimiento tur\u00edstico que permiti\u00f3 general la reactivaci\u00f3n que est\u00e1bamos esperando adem\u00e1s de ver como Santa Cruz fue uno de los destinos m\u00e1s elegidos por los beneficiarios del Plan PreViaje lo que significa que el trabajo desarrollado entre el sector p\u00fablico y privado, permite tomar nuevo impulso a pesar de la pandemia\u201d, dijo el Secretario de Estado de Turismo provincial, Pablo Godoy.<\/p>\n\n\n\n<p>El cl\u00e1sico para los amantes de la pesca se luce en Puerto Santa Cruz del 3 al 6 de febrero con la VII edici\u00f3n de la Fiesta Nacional del R\u00f3balo, y el 20 mo. Certamen de \u201cLas 12 Horas del R\u00f3balo\u201d que este a\u00f1o tiene como novedad de la jineteada adem\u00e1s del patio gastron\u00f3mico, paseo de los artesanos y cuatro noches de espect\u00e1culos con artistas regionales y nacionales como Karina \u201cLa Princesita\u201d ; Bruno Arias y La Bersuit entre muchos artistas que recorrer\u00e1n desde el tango hasta la cumbia y el rock.<\/p>\n\n\n\n<p>El 143 Aniversario del Bautismo del Lago Argentino tiene su fiest\u00f3n en El calafate donde ya comenzaron los cert\u00e1menes deportivos con Kite Surf; Beach Voley; Triatl\u00f3n, doma el 5y 6 de febrero. Mientras que para el 6 est\u00e1 previsto Mountain Bike; el 12 Calafate Patina; el 13 Automovilismo; el 15 Calafate Corre; el 17 y 18 Peatonal Cultural; el 19 Carrera de mozos; el 20 Cross Running; el 25, la Largada del Raid N\u00e1utico; el 26, Vuelta a la Isla; el 26 y 27, Enduro; el 27 Carnaval y ese mismo d\u00eda la llegada del Raid N\u00e1utico.<\/p>\n\n\n\n<p>&nbsp;Adem\u00e1s, del 14 al 19 de febrero son seis noches con 10 shows imperdibles, desde Ciro y Los Persas; Lit Killah; Los Nocheros; Becerra kapanga; La Konga; Damas Gratis; Vicentico hasta Luciano Pereyra y Carlos Vives.<\/p>\n\n\n\n<p>El calendario festivo de este verano tambi\u00e9n contempla eventos nuevos, como el Segundo Festival Regional de la Lenga en R\u00edo Turbio que se desarrollar\u00e1 por primera vez presencial entre el 11 y el 12 de febrero en esta localidad de la Ruta Nacional 40 santacruce\u00f1a, la primera edici\u00f3n se realiz\u00f3 en forma virtual en plena pandemia.<\/p>\n\n\n\n<p>Durante estas jornadas, habr\u00e1 espect\u00e1culos musicales, con artistas locales, regionales y nacionales adem\u00e1s de un Paseo de Artesanos, gastronom\u00eda y patio cervecero que se combinar\u00e1n durante el d\u00eda con un sinf\u00edn de propuestas recreativas entre circuitos, paseos, desfile de body Painting y actividades deportivas.<\/p>\n\n\n\n<p>Muy cerquita en la localidad de 28 de Noviembre se desarrolla la Primera Fiesta del C\u00f3ndor Andino el 25 y 26 de febrero donde se adelant\u00f3 que entre los n\u00fameros art\u00edsticos se podr\u00e1 disfrutar de Nahuel Pennisi y Emilia Mernes entre otros artistas que deleitar\u00e1n al p\u00fablico en este primer evento donde tambi\u00e9n habr\u00e1 actividades, paseo de artesanos y gastronom\u00eda.<\/p>\n\n\n\n<p>Hacia fines de marzo se est\u00e1\u00b4planificando en la localidad de Comandante Luis Piedra Buena, La Fiesta Nacional de la Trucha Steelhead (cabeza de acero) es otra cita imperdible del 25 al 27 de marzo para los deportistas y familias que pueden disfrutar de las distintas propuestas que se desarrollan en simult\u00e1neo con el certamen deportivo. &nbsp;<\/p>\n\n\n\n<p>Los eventos populares dinamizan el verano que ofrece opciones de naturaleza imperdibles para los visitantes con los Parques Nacionales, Provinciales y las reservas Naturales de Santa cruz y la belleza de los corredores tur\u00edsticos que se lucen en los paisajes de la Patagonia infinita.<\/p>\n\n\n\n<figure class=\"wp-block-gallery has-nested-images columns-default is-cropped wp-block-gallery-1 is-layout-flex wp-block-gallery-is-layout-flex\">\n<figure class=\"wp-block-image size-large\"><img loading=\"lazy\" decoding=\"async\" width=\"715\" height=\"480\" data-id=\"9416\" src=\"https:\/\/nubesmgzdigital.com.ar\/wp-content\/uploads\/2022\/01\/trucha-steelhead-4.jpg\" alt=\"\" class=\"wp-image-9416\" srcset=\"https:\/\/nubesmgzdigital.com.ar\/wp-content\/uploads\/2022\/01\/trucha-steelhead-4.jpg 715w, https:\/\/nubesmgzdigital.com.ar\/wp-content\/uploads\/2022\/01\/trucha-steelhead-4-300x201.jpg 300w, https:\/\/nubesmgzdigital.com.ar\/wp-content\/uploads\/2022\/01\/trucha-steelhead-4-696x467.jpg 696w, https:\/\/nubesmgzdigital.com.ar\/wp-content\/uploads\/2022\/01\/trucha-steelhead-4-626x420.jpg 626w\" sizes=\"auto, (max-width: 715px) 100vw, 715px\" \/><\/figure>\n\n\n\n<figure class=\"wp-block-image size-large\"><img loading=\"lazy\" decoding=\"async\" width=\"1024\" height=\"681\" data-id=\"9419\" src=\"https:\/\/nubesmgzdigital.com.ar\/wp-content\/uploads\/2022\/01\/Comandante-luis-PIEDRABUENA_PATURUZU-1024x681.jpg\" alt=\"\" class=\"wp-image-9419\" srcset=\"https:\/\/nubesmgzdigital.com.ar\/wp-content\/uploads\/2022\/01\/Comandante-luis-PIEDRABUENA_PATURUZU-1024x681.jpg 1024w, https:\/\/nubesmgzdigital.com.ar\/wp-content\/uploads\/2022\/01\/Comandante-luis-PIEDRABUENA_PATURUZU-300x200.jpg 300w, https:\/\/nubesmgzdigital.com.ar\/wp-content\/uploads\/2022\/01\/Comandante-luis-PIEDRABUENA_PATURUZU-768x511.jpg 768w, https:\/\/nubesmgzdigital.com.ar\/wp-content\/uploads\/2022\/01\/Comandante-luis-PIEDRABUENA_PATURUZU-1536x1022.jpg 1536w, https:\/\/nubesmgzdigital.com.ar\/wp-content\/uploads\/2022\/01\/Comandante-luis-PIEDRABUENA_PATURUZU-2048x1363.jpg 2048w, https:\/\/nubesmgzdigital.com.ar\/wp-content\/uploads\/2022\/01\/Comandante-luis-PIEDRABUENA_PATURUZU-696x463.jpg 696w, https:\/\/nubesmgzdigital.com.ar\/wp-content\/uploads\/2022\/01\/Comandante-luis-PIEDRABUENA_PATURUZU-1068x711.jpg 1068w, https:\/\/nubesmgzdigital.com.ar\/wp-content\/uploads\/2022\/01\/Comandante-luis-PIEDRABUENA_PATURUZU-631x420.jpg 631w\" sizes=\"auto, (max-width: 1024px) 100vw, 1024px\" \/><\/figure>\n\n\n\n<figure class=\"wp-block-image size-large\"><img loading=\"lazy\" decoding=\"async\" width=\"1024\" height=\"674\" data-id=\"9418\" src=\"https:\/\/nubesmgzdigital.com.ar\/wp-content\/uploads\/2022\/01\/robalo-puerto-santa-cruz-02-archivo-2020-1024x674.jpg\" alt=\"\" class=\"wp-image-9418\" srcset=\"https:\/\/nubesmgzdigital.com.ar\/wp-content\/uploads\/2022\/01\/robalo-puerto-santa-cruz-02-archivo-2020-1024x674.jpg 1024w, https:\/\/nubesmgzdigital.com.ar\/wp-content\/uploads\/2022\/01\/robalo-puerto-santa-cruz-02-archivo-2020-300x198.jpg 300w, https:\/\/nubesmgzdigital.com.ar\/wp-content\/uploads\/2022\/01\/robalo-puerto-santa-cruz-02-archivo-2020-768x506.jpg 768w, https:\/\/nubesmgzdigital.com.ar\/wp-content\/uploads\/2022\/01\/robalo-puerto-santa-cruz-02-archivo-2020-1536x1012.jpg 1536w, https:\/\/nubesmgzdigital.com.ar\/wp-content\/uploads\/2022\/01\/robalo-puerto-santa-cruz-02-archivo-2020-696x458.jpg 696w, https:\/\/nubesmgzdigital.com.ar\/wp-content\/uploads\/2022\/01\/robalo-puerto-santa-cruz-02-archivo-2020-1068x703.jpg 1068w, https:\/\/nubesmgzdigital.com.ar\/wp-content\/uploads\/2022\/01\/robalo-puerto-santa-cruz-02-archivo-2020-638x420.jpg 638w, https:\/\/nubesmgzdigital.com.ar\/wp-content\/uploads\/2022\/01\/robalo-puerto-santa-cruz-02-archivo-2020.jpg 1611w\" sizes=\"auto, (max-width: 1024px) 100vw, 1024px\" \/><\/figure>\n\n\n\n<figure class=\"wp-block-image size-large\"><img loading=\"lazy\" decoding=\"async\" width=\"1024\" height=\"681\" data-id=\"9420\" src=\"https:\/\/nubesmgzdigital.com.ar\/wp-content\/uploads\/2022\/01\/puerto-santa-cruz-costanera-1-1024x681.jpg\" alt=\"\" class=\"wp-image-9420\" srcset=\"https:\/\/nubesmgzdigital.com.ar\/wp-content\/uploads\/2022\/01\/puerto-santa-cruz-costanera-1-1024x681.jpg 1024w, https:\/\/nubesmgzdigital.com.ar\/wp-content\/uploads\/2022\/01\/puerto-santa-cruz-costanera-1-300x200.jpg 300w, https:\/\/nubesmgzdigital.com.ar\/wp-content\/uploads\/2022\/01\/puerto-santa-cruz-costanera-1-768x511.jpg 768w, https:\/\/nubesmgzdigital.com.ar\/wp-content\/uploads\/2022\/01\/puerto-santa-cruz-costanera-1-1536x1022.jpg 1536w, https:\/\/nubesmgzdigital.com.ar\/wp-content\/uploads\/2022\/01\/puerto-santa-cruz-costanera-1-2048x1363.jpg 2048w, https:\/\/nubesmgzdigital.com.ar\/wp-content\/uploads\/2022\/01\/puerto-santa-cruz-costanera-1-696x463.jpg 696w, https:\/\/nubesmgzdigital.com.ar\/wp-content\/uploads\/2022\/01\/puerto-santa-cruz-costanera-1-1068x711.jpg 1068w, https:\/\/nubesmgzdigital.com.ar\/wp-content\/uploads\/2022\/01\/puerto-santa-cruz-costanera-1-631x420.jpg 631w\" sizes=\"auto, (max-width: 1024px) 100vw, 1024px\" \/><\/figure>\n\n\n\n<figure class=\"wp-block-image size-large\"><img loading=\"lazy\" decoding=\"async\" width=\"1024\" height=\"675\" data-id=\"9417\" src=\"https:\/\/nubesmgzdigital.com.ar\/wp-content\/uploads\/2022\/01\/robalo-puerto-santa-cruz-01-1-1024x675.jpg\" alt=\"\" class=\"wp-image-9417\" srcset=\"https:\/\/nubesmgzdigital.com.ar\/wp-content\/uploads\/2022\/01\/robalo-puerto-santa-cruz-01-1-1024x675.jpg 1024w, https:\/\/nubesmgzdigital.com.ar\/wp-content\/uploads\/2022\/01\/robalo-puerto-santa-cruz-01-1-300x198.jpg 300w, https:\/\/nubesmgzdigital.com.ar\/wp-content\/uploads\/2022\/01\/robalo-puerto-santa-cruz-01-1-768x506.jpg 768w, https:\/\/nubesmgzdigital.com.ar\/wp-content\/uploads\/2022\/01\/robalo-puerto-santa-cruz-01-1-696x459.jpg 696w, https:\/\/nubesmgzdigital.com.ar\/wp-content\/uploads\/2022\/01\/robalo-puerto-santa-cruz-01-1-637x420.jpg 637w, https:\/\/nubesmgzdigital.com.ar\/wp-content\/uploads\/2022\/01\/robalo-puerto-santa-cruz-01-1.jpg 1050w\" sizes=\"auto, (max-width: 1024px) 100vw, 1024px\" \/><\/figure>\n<\/figure>\n","protected":false},"excerpt":{"rendered":"<p>Por: Sonia Renison El verano santacruce\u00f1o se viste de fiesta durante febrero y marzo con los eventos que se desarrollan en cada localidad con propuestas deportivas, gastron\u00f3micas, musicales y paseos de artesanos. Las localidades de Puerto Santa Cruz; 28 de Noviembre; R\u00edo Turbio, El Calafate y Comandante Luis Piedrabuena son eje en este verano con [&hellip;]<\/p>\n","protected":false},"author":2,"featured_media":9417,"comment_status":"open","ping_status":"open","sticky":false,"template":"","format":"standard","meta":{"footnotes":""},"categories":[114,136],"tags":[],"class_list":["post-9415","post","type-post","status-publish","format-standard","has-post-thumbnail","hentry","category-turismo-destinos","category-patagonia"],"post_mailing_queue_ids":[],"_links":{"self":[{"href":"https:\/\/nubesmgzdigital.com.ar\/index.php\/wp-json\/wp\/v2\/posts\/9415","targetHints":{"allow":["GET"]}}],"collection":[{"href":"https:\/\/nubesmgzdigital.com.ar\/index.php\/wp-json\/wp\/v2\/posts"}],"about":[{"href":"https:\/\/nubesmgzdigital.com.ar\/index.php\/wp-json\/wp\/v2\/types\/post"}],"author":[{"embeddable":true,"href":"https:\/\/nubesmgzdigital.com.ar\/index.php\/wp-json\/wp\/v2\/users\/2"}],"replies":[{"embeddable":true,"href":"https:\/\/nubesmgzdigital.com.ar\/index.php\/wp-json\/wp\/v2\/comments?post=9415"}],"version-history":[{"count":1,"href":"https:\/\/nubesmgzdigital.com.ar\/index.php\/wp-json\/wp\/v2\/posts\/9415\/revisions"}],"predecessor-version":[{"id":9421,"href":"https:\/\/nubesmgzdigital.com.ar\/index.php\/wp-json\/wp\/v2\/posts\/9415\/revisions\/9421"}],"wp:featuredmedia":[{"embeddable":true,"href":"https:\/\/nubesmgzdigital.com.ar\/index.php\/wp-json\/wp\/v2\/media\/9417"}],"wp:attachment":[{"href":"https:\/\/nubesmgzdigital.com.ar\/index.php\/wp-json\/wp\/v2\/media?parent=9415"}],"wp:term":[{"taxonomy":"category","embeddable":true,"href":"https:\/\/nubesmgzdigital.com.ar\/index.php\/wp-json\/wp\/v2\/categories?post=9415"},{"taxonomy":"post_tag","embeddable":true,"href":"https:\/\/nubesmgzdigital.com.ar\/index.php\/wp-json\/wp\/v2\/tags?post=9415"}],"curies":[{"name":"wp","href":"https:\/\/api.w.org\/{rel}","templated":true}]}}