{"id":9422,"date":"2022-02-01T09:31:24","date_gmt":"2022-02-01T12:31:24","guid":{"rendered":"https:\/\/nubesmgzdigital.com.ar\/?p=9422"},"modified":"2022-02-01T09:31:25","modified_gmt":"2022-02-01T12:31:25","slug":"cambio-climatico-sabes-que-es-el-permafrost-o-las-consecuencias-que-tiene-su-deshielo-sobre-el-planeta","status":"publish","type":"post","link":"https:\/\/nubesmgzdigital.com.ar\/index.php\/2022\/02\/01\/cambio-climatico-sabes-que-es-el-permafrost-o-las-consecuencias-que-tiene-su-deshielo-sobre-el-planeta\/","title":{"rendered":"Cambio clim\u00e1tico: \u00bfsabes qu\u00e9 es el permafrost o las consecuencias que tiene su deshielo sobre el planeta?"},"content":{"rendered":"\n<h5 class=\"wp-block-heading\" id=\"el-permafrost-de-la-tierra-se-esta-descongelando-y-las-comunidades-indigenas-del-artico-y-cientificos-de-todo-el-mundo-reclaman-que-esta-alarmante-perdida-de-hielo-terrestre-reciba-la-atencion-mundial-y-la-correspondiente-investigacionq-que-merece-este-deshielo-reconfigura-los-paisajes-desplaza-a-pueblos-enteros-y-perturba-los-fragiles-habitats-de-los-animales-amenaza-ademas-con-liberar-microorganismos-peligrosos-y-posibles-emisiones-del-carbono-que-se-encontraban-en-su-interior-y-que-lleva-congelado-miles-de-anos\">El permafrost de la Tierra se est\u00e1 descongelando, y las comunidades ind\u00edgenas del \u00c1rtico y cient\u00edficos de todo el mundo reclaman que esta alarmante p\u00e9rdida de hielo terrestre reciba la atenci\u00f3n mundial y la correspondiente investigaci\u00f3nq que merece. Este deshielo reconfigura los paisajes, desplaza a pueblos enteros y perturba los fr\u00e1giles h\u00e1bitats de los animales; amenaza, adem\u00e1s, con liberar microorganismos peligrosos y posibles emisiones del carbono que se encontraban en su interior y que lleva congelado miles de a\u00f1os.<\/h5>\n\n\n\n<p>El ministro de Justicia de Tuvalu, Simon Kofe, fue noticia durante la conferencia sobre el clima de la ONU, la COP26, en noviembre, cuando pronunci\u00f3 su discurso con el agua del mar hasta las rodillas.<\/p>\n\n\n\n<p>&#8220;Nos estamos hundiendo&#8221;, dijo, subrayando el peligro real que el aumento del nivel del mar, provocado por el cambio clim\u00e1tico, representa para las naciones insulares de baja altitud del mundo.<\/p>\n\n\n\n<p>El v\u00eddeo de Tuvalu se hizo viral. La imagen era impactante, como las procedentes de otras islas del Pac\u00edfico, Kiribati y Fiyi, en los \u00faltimos a\u00f1os, que muestran c\u00f3mo ciudades enteras se desplazaron hacia el interior mientras las aldeas sucumb\u00edan lentamente al mar que las rodeaba.<\/p>\n\n\n\n<figure class=\"wp-block-image size-large\"><img decoding=\"async\" src=\"https:\/\/global.unitednations.entermediadb.net\/assets\/mediadb\/services\/module\/asset\/downloads\/preset\/Libraries\/Production+Library\/26-01-2022_Tuvalu_Simon-Kofe.jpg\/image1024x768.jpg\" alt=\"\"\/><\/figure>\n\n\n\n<p>Una tragedia igualmente alarmante est\u00e1 ocurriendo al otro lado del globo: el \u00c1rtico, donde el aumento de las temperaturas est\u00e1 reduciendo antiguos glaciares, disminuyendo el hielo marino y calentando y descongelando el permafrost del planeta.<\/p>\n\n\n\n<p>El&nbsp;<strong>permafrost es la capa de suelo bajo la superficie de la Tierra que ha permanecido congelada ininterrumpidamente durante al menos dos a\u00f1os consecutivos y, en la mayor\u00eda de los casos, durante cientos o miles de a\u00f1os<\/strong>. Se extiende por una cuarta parte del hemisferio norte, incluyendo muchas regiones que no est\u00e1n cubiertas de nieve.<\/p>\n\n\n\n<p>Esta capa congelada se encuentra en grandes partes de Alaska, Canad\u00e1 y Siberia, donde la gente, en su mayor\u00eda comunidades ind\u00edgenas, ha vivido, trabajado y cazado durante cientos de a\u00f1os.<\/p>\n\n\n\n<figure class=\"wp-block-image size-large\"><img decoding=\"async\" src=\"https:\/\/global.unitednations.entermediadb.net\/assets\/mediadb\/services\/module\/asset\/downloads\/preset\/Libraries\/Production+Library\/26-01-2022-Eriel-Lugt-climate-activist.jpg\/image1024x768.jpg\" alt=\"\"\/><\/figure>\n\n\n\n<h2 class=\"wp-block-heading\" id=\"desplazados-por-el-cambio-climatico\">Desplazados por el cambio clim\u00e1tico<\/h2>\n\n\n\n<p>&#8220;Veo en mi futuro y en el de nuestros j\u00f3venes, a nuestra comunidad completamente reubicada&#8221;, explica Eriel Lugt a Noticias ONU, un activista ind\u00edgena&nbsp;<em>inuit<\/em>&nbsp;de 19 a\u00f1os de la regi\u00f3n \u00e1rtica de Canad\u00e1.<\/p>\n\n\n\n<p>Mientras las desgarradoras im\u00e1genes de osos polares desnutridos que luchan por sobrevivir en el cambiante paisaje se han quedado impregnadas en nuestras r\u00e9tinas, el hecho de que asentamientos humanos enteros tengan que ser reubicados o de que las comunidades ind\u00edgenas se vean obligadas a replantearse su modo de vida tradicional pasan completamente desapercibidos.<\/p>\n\n\n\n<p>&#8220;Cuando o\u00ed hablar por primera vez sobre&nbsp;<strong>el cambio clim\u00e1tico<\/strong>, estaba en noveno grado y no me hab\u00eda dado cuenta de que ya&nbsp;<strong>estaba ocurriendo, y r\u00e1pidamente, en mi propia comunidad, justo delante de mis ojos<\/strong>&#8220;.<\/p>\n\n\n\n<p>Su pueblo natal, Tuktoyaktuk, lleva a\u00f1os sufriendo las consecuencias del deshielo de nuestra criosfera.<\/p>\n\n\n\n<p>&#8220;Aqu\u00ed en Tuk toda nuestra tierra se asienta sobre el permafrost&#8221;, explica, &#8220;El deshielo est\u00e1 cambiando completamente la estructura de nuestra tierra, y nuestra fauna tambi\u00e9n se est\u00e1 viendo afectada&#8221;.<\/p>\n\n\n\n<p>El deshielo de este&nbsp;<strong>suelo congelado bajo la superficie<\/strong>&nbsp;que cubre unos&nbsp;<strong>23 millones de metros cuadrados del norte de nuestro planeta&nbsp;<\/strong>es apenas visible para el ojo humano, pero sus efectos no lo son. Las carreteras, las casas, los oleoductos, incluso las instalaciones militares y otras infraestructuras se est\u00e1n derrumbando o empiezan a ser inestables.<\/p>\n\n\n\n<p>Muchos pueblos del norte, como el Tuktoyaktuk, est\u00e1n construidos sobre permafrost, que cuando est\u00e1 congelado es m\u00e1s duro que el hormig\u00f3n. Sin embargo, a medida que el planeta se calienta r\u00e1pidamente \u2014el \u00c1rtico lo hace al menos dos veces m\u00e1s r\u00e1pido que otras regiones\u2014 el suelo que se descongela se erosiona y puede provocar desprendimientos.<\/p>\n\n\n\n<p>Adem\u00e1s, la reducci\u00f3n y el cambio del hielo marino hacen que los pueblos costeros sean m\u00e1s vulnerables a las tormentas.<\/p>\n\n\n\n<p>&#8220;En nuestra comunidad sufrimos vientos feroces, y todos los veranos hay d\u00edas en los que el viento provoca la subida del nivel del mar, as\u00ed que ese es otro de los problemas que tenemos&#8230; Cada invierno noto c\u00f3mo la costa pierde unos dos cent\u00edmetros de tierra&#8221;, destaca Eriel.<\/p>\n\n\n\n<p>Algunos de sus vecinos que viv\u00edan justo en la tundra sobre la playa ya se han visto obligados a trasladarse al interior.<\/p>\n\n\n\n<p>&#8220;El suelo se estaba hundiendo debajo de sus casas&#8221;, asegura.<\/p>\n\n\n\n<figure class=\"wp-block-image size-large\"><img decoding=\"async\" src=\"https:\/\/global.unitednations.entermediadb.net\/assets\/mediadb\/services\/module\/asset\/downloads\/preset\/Libraries\/Production+Library\/26-01-2022-permafrost-climate-activist.jpg\/image1024x768.jpg\" alt=\"\"\/><\/figure>\n\n\n\n<h2 class=\"wp-block-heading\" id=\"consecuencias-para-la-salud-humana-y-el-acceso-al-agua\">Consecuencias para la salud humana y el acceso al agua<\/h2>\n\n\n\n<p>Susan M. Natali, cient\u00edfica del Centro de Investigaci\u00f3n Clim\u00e1tica Woodwell*, lleva m\u00e1s de trece a\u00f1os estudiando el deshielo del permafrost en el \u00c1rtico.<\/p>\n\n\n\n<p>&#8220;<strong>Puedo ver los cambios, es devastador<\/strong>. Ni siquiera s\u00e9 si puedo expresar la magnitud del impacto que est\u00e1 teniendo en la gente. Tienen que apuntalar y levantar sus casas (del suelo que se derrumba), literalmente. Esto pod\u00eda pasar antes una vez al a\u00f1o, y ahora tienen que hacerlo hasta cinco veces al a\u00f1o porque sus casas se est\u00e1n inclinando&#8221;, describe.<\/p>\n\n\n\n<p>La doctora Natali explica que el deshielo del permafrost tambi\u00e9n provoca el colapso de los dep\u00f3sitos de combustible, y se\u00f1ala que los vertederos que antes estaban en zonas secas ahora est\u00e1n filtrando residuos y materiales t\u00f3xicos, como el mercurio, en lagunas y r\u00edos.<\/p>\n\n\n\n<p>&#8220;La poblaci\u00f3n obtiene el agua y el pescado de estos r\u00edos, por lo que esto tienen&nbsp;<strong>efectos sobre la salud humana<\/strong>&#8230; El deshielo adem\u00e1s est\u00e1 provocando que algunos r\u00edos se hundan haciendo m\u00e1s dif\u00edcil el acceso al agua potable&#8221;, a\u00f1ade.<\/p>\n\n\n\n<p>Otro inconveniente es que muchas comunidades suelen desplazarse por el territorio en invierno a trav\u00e9s de los r\u00edos y lagos helados que ya no se &#8220;congelan&#8221; lo suficiente para que sean transitables.<\/p>\n\n\n\n<p>&#8220;Esto no es solo un riesgo para la salud, afecta tambi\u00e9n el acceso a los alimentos. Est\u00e1n ocurriendo tantas cosas&#8230; Se trata de un problema con muchas aristas que afecta tanto a los sistemas naturales como a los sociales&#8230; Ahora mismo, esto es una realidad para las personas que viven en el \u00c1rtico, y lo es desde hace ya mucho tiempo&#8221;.<\/p>\n\n\n\n<figure class=\"wp-block-image size-large\"><img decoding=\"async\" src=\"https:\/\/global.unitednations.entermediadb.net\/assets\/mediadb\/services\/module\/asset\/downloads\/preset\/Libraries\/Production+Library\/27-01-2022-permafrost-Alaska-Susan-Natali.jpg\/image1024x768.jpg\" alt=\"\"\/><\/figure>\n\n\n\n<h3 class=\"wp-block-heading\" id=\"la-humanidad-y-la-vida-silvestre\">La humanidad y la vida silvestre<\/h3>\n\n\n\n<p>A Eriel Lugt las afirmaciones de los cient\u00edficos le resultan muy familiares. Su pueblo lleva cientos de a\u00f1os en su tierra, sab\u00edan d\u00f3nde pod\u00edan cazar y c\u00f3mo desplazarse, pero ahora se ven forzados a adaptarse.<\/p>\n\n\n\n<p>&#8220;Los antepasados han ense\u00f1ado a generaciones y generaciones por d\u00f3nde tenemos que ir cuando nos desplazamos, qu\u00e9 rutas del hielo y de la tierra son seguras para transitar. Con el cambio clim\u00e1tico, la tierra se ha vuelto peligrosa porque nuestros cazadores ya no tienen claro qu\u00e9 ruta es la m\u00e1s segura&#8221;.<\/p>\n\n\n\n<p>Las comunidades ind\u00edgenas inuit no son las \u00fanicas que han tenido que aprender a adaptarse.<\/p>\n\n\n\n<p>Seg\u00fan el doctor Martin Sommerkorn, autor y principal coordinador del cap\u00edtulo sobre regiones polares del \u201c<a href=\"https:\/\/news.un.org\/es\/story\/2019\/09\/1462782\">Informe especial del sobre los oc\u00e9anos y la criosfera<\/a>\u201d del Grupo Intergubernamental de Expertos sobre el Cambio Clim\u00e1tico (<a href=\"https:\/\/archive.ipcc.ch\/home_languages_main_spanish.shtml\">IPCC<\/a>), y responsable de Conservaci\u00f3n del Programa del \u00c1rtico en el Fondo Mundial en favor de la Naturaleza, los h\u00e1bitats animales y las condiciones de vida tambi\u00e9n est\u00e1n experimentando cambios.<\/p>\n\n\n\n<p>&#8220;El \u00c1rtico va a sufrir un calentamiento entre dos y tres veces mayor que la media mundial a lo largo de este siglo. As\u00ed que,&nbsp;<strong>cuando hablamos de 1,5\u00ba cent\u00edgrados a nivel mundial, estamos hablando de 3\u00ba en el \u00c1rtico<\/strong>&#8220;, explica.<\/p>\n\n\n\n<p>Esto significa que las olas de calor m\u00e1s frecuentes tanto en invierno como en verano, junto con algunos de los que \u00e9l llama &#8220;efectos indirectos&#8221;, ya est\u00e1n ocurriendo.<\/p>\n\n\n\n<p>&#8220;Las olas de calor provocan incendios forestales y plagas de insectos. Todo ello debilita los ecosistemas, que simplemente arden. Se vuelven m\u00e1s vulnerables a la defoliaci\u00f3n por la infestaci\u00f3n de insectos, que tienen efectos en cascada en todo el ecosistema, lo que&nbsp;<strong>dificulta que las especies del \u00c1rtico puedan subsistir en estos lugares<\/strong>&#8220;, a\u00f1ade Sommerkorn.<\/p>\n\n\n\n<p>El experto apunta que, a pesar de todo, no se est\u00e1 produciendo una extinci\u00f3n inmediata de las especies del \u00c1rtico en muchas \u00e1reas porque, al igual que ocurre con algunos asentamientos humanos, estas especies se desplazan m\u00e1s al norte para huir del calentamiento.<\/p>\n\n\n\n<p>&#8220;Somos testigos de relatos desesperados de la vida silvestre. Por ejemplo, carib\u00faes que escapan del calor del verano y de estos incendios forestales. Adem\u00e1s, en el mar vemos una toma de posesi\u00f3n completa de los ecosistemas marinos anteriormente \u00e1rticos por parte de comunidades de peces boreales. Hay efectos visibles en cualquier \u00e9poca en la que te encuentres all\u00ed&#8221;.<\/p>\n\n\n\n<p>Sommerkorn agrega que, sin embargo, la migraci\u00f3n de las especies hacia el norte o, en t\u00e9rminos biol\u00f3gicos, los \u201ccambios del \u00e1rea de desplazamiento&#8221;, se ven limitados en algunos lugares como Siberia, donde hay muy pocas islas al norte de la costa.<\/p>\n\n\n\n<figure class=\"wp-block-image size-large\"><img decoding=\"async\" src=\"https:\/\/global.unitednations.entermediadb.net\/assets\/mediadb\/services\/module\/asset\/downloads\/preset\/Libraries\/Production+Library\/24-12-2020_WMO_ArcticMelting.jpg\/image1024x768.jpg\" alt=\"\"\/><\/figure>\n\n\n\n<h2 class=\"wp-block-heading\" id=\"las-repercusiones-para-el-clima-global\">Las repercusiones para el clima global<\/h2>\n\n\n\n<p>\u00bfPor qu\u00e9 deber\u00edamos preocuparos en el resto del mundo por lo que ocurre en el \u00c1rtico? La doctora Natali explica las repercusiones en el futuro para todo el planeta.<\/p>\n\n\n\n<p>&#8220;Hay mucho carbono almacenado en el permafrost, que de momento se encuentra congelado en su interior. Si se descongela, corre el peligro de liberarse en la atm\u00f3sfera y agravar el cambio clim\u00e1tico global&#8221;, asegura a Noticias ONU.<\/p>\n\n\n\n<p>El material vegetal y animal congelado en el permafrost \u2014conocido como carbono org\u00e1nico\u2014 no se descompone ni se pudre. Sin embargo, cuando el permafrost se descongela, los microbios comienzan a corromper el material y liberan a la atm\u00f3sfera gases de efecto invernadero como el di\u00f3xido de carbono y el metano.<\/p>\n\n\n\n<p>&#8220;Se convierte en una especie de suelo org\u00e1nico que se ha ido acumulando durante miles y miles de a\u00f1os, por lo que es una reserva de carbono descartada. No forma parte de nuestro ciclo de carbono activo&#8230; Es una reserva de carbono f\u00f3sil que no ha formado parte de nuestro sistema terrestre durante muchos miles de a\u00f1os&#8221;, subraya Natali.<\/p>\n\n\n\n<p>Sommerkorn a\u00f1ade que, incluso&nbsp;<strong>con niveles bajos de calentamiento global, el deshielo del permafrost podr\u00eda suponer unas emisiones del tama\u00f1o de un pa\u00eds medio<\/strong>.<\/p>\n\n\n\n<figure class=\"wp-block-image size-large\"><img decoding=\"async\" src=\"https:\/\/global.unitednations.entermediadb.net\/assets\/mediadb\/services\/module\/asset\/downloads\/preset\/Collections\/UNHCR\/UNHCR\/14-01-2021_CIFOR_Indonesia.jpg\/image1024x768.jpg\" alt=\"\"\/><\/figure>\n\n\n\n<p>Pone el ejemplo de las turberas de Escocia, pa\u00eds anfitri\u00f3n de la \u00faltima Conferencia de las Naciones Unidas sobre el Clima (COP26), que trabaja para reducir sus emisiones en m\u00e1s de un 50% antes de 2030.<\/p>\n\n\n\n<p>Las turberas son humedales terrestres en los que las condiciones de anegamiento impiden que el material vegetal se descomponga completamente (y libere carbono).<\/p>\n\n\n\n<p>&#8220;(En Escocia) lo est\u00e1n intentando, pero todav\u00eda no han encontrado una soluci\u00f3n para las emisiones heredadas del drenaje de las turberas que se habilitaron para la agricultura y la silvicultura. Una vez se drenan, est\u00e1s simplemente abocado a siglos de emisiones y no hay nada que puedas hacer al respecto; como b\u00e1sicamente ocurrir\u00e1 con la capa de permafrost una vez que comiencen a descongelarse a mayor profundidad en muchos lugares &#8220;.<\/p>\n\n\n\n<p>Ahora mismo, las emisiones procedentes de las turberas drenadas hace d\u00e9cadas constituyen casi una quinta parte (18%) de las emisiones de Escocia. El pa\u00eds se encuentra actualmente en una carrera contrarreloj para intentar restaurar estos vitales sumideros de carbono.<\/p>\n\n\n\n<p>A diferencia de las turberas drenadas, el deshielo del permafrost no puede llegar a revertirse en el transcurso de la vida de un ser humano mientras la temperatura global siga en aumento.<\/p>\n\n\n\n<p>Adem\u00e1s, cuando el permafrost se descongela, tambi\u00e9n lo hacen las antiguas bacterias y virus del hielo y el suelo. Estos microorganismos podr\u00edan enfermar a los seres humanos y a los animales.<\/p>\n\n\n\n<p>Seg\u00fan la NASA, los cient\u00edficos han descubierto microbios de m\u00e1s de 400.000 a\u00f1os en el permafrost descongelado.<\/p>\n\n\n\n<figure class=\"wp-block-image size-large\"><img decoding=\"async\" src=\"https:\/\/global.unitednations.entermediadb.net\/assets\/mediadb\/services\/module\/asset\/downloads\/preset\/Libraries\/Production+Library\/27-01-2022-permafrost-infographic.jpg\/image1024x768.jpg\" alt=\"\"\/><\/figure>\n\n\n\n<h3 class=\"wp-block-heading\" id=\"investigacion-cientifica-y-adaptacion\">Investigaci\u00f3n cient\u00edfica y adaptaci\u00f3n<\/h3>\n\n\n\n<p>En 2019, el&nbsp;<a href=\"https:\/\/www.unenvironment.org\/es\">Programa de las Naciones Unidas para el Medio Ambiente<\/a>&nbsp;(PNUMA) calific\u00f3 el deshielo del permafrost como uno de los diez problemas emergentes m\u00e1s preocupantes para el medio ambiente. En ese momento, los l\u00edmites meridionales del permafrost en el \u00c1rtico hab\u00edan retrocedido hacia el norte entre 30 y 80 km, una p\u00e9rdida significativa de cobertura.<\/p>\n\n\n\n<p>En 2020, la agencia respald\u00f3 un estudio sobre la&nbsp;<a href=\"https:\/\/storymaps.arcgis.com\/stories\/9155a51e8aec41838702c8c5ef3382e3\">Respuesta r\u00e1pida al permafrost de la costa y de alta mar<\/a>&nbsp;(EN), en el que participaron residentes de Inuvik y Tuktoyaktuk, en el \u00c1rtico occidental canadiense.<\/p>\n\n\n\n<p>Cientos de personas acudieron a la convocatoria de una jornada cient\u00edfica comunitaria en&nbsp;<em>Tuk<\/em>. El estudio concluy\u00f3 que los habitantes de la costa del \u00c1rtico apreciaban en general los esfuerzos de la comunidad cient\u00edfica. Sin embargo, rara vez han estado presentes directamente en las discusiones cient\u00edficas, en la prestaci\u00f3n de apoyo log\u00edstico o, lo que es m\u00e1s importante, en la orientaci\u00f3n de la investigaci\u00f3n cient\u00edfica hacia cuestiones vitales para los pueblos del \u00c1rtico.<\/p>\n\n\n\n<p><a href=\"https:\/\/www.unenvironment.org\/es\/\">ONU Medio Ambiente<\/a>&nbsp;pidi\u00f3 que se incorporen los conocimientos ecol\u00f3gicos tradicionales de los entornos y procesos costeros en los programas de investigaci\u00f3n siempre que sea posible.<\/p>\n\n\n\n<p>&#8220;Me fascina c\u00f3mo la gente afronta esto, porque no cuentan con una red de apoyo. Solo puedo hablar de Estados Unidos, pero no hay un sistema de apoyo para tratar la adaptaci\u00f3n al cambio clim\u00e1tico. Es casi como si ocurriera m\u00e1s r\u00e1pido de lo que la ciencia puede asimilar y m\u00e1s r\u00e1pido de lo que la pol\u00edtica puede seguir. Hay personas que se enfrentan casi por su cuenta y consiguen ellos mismo la ayuda para hacer frente al cambio clim\u00e1tico, no hay un marco de gobernanza&#8221;, destaca la doctora Natali, que recientemente testific\u00f3 sobre el tema ante el Congreso de los Estados Unidos.<\/p>\n\n\n\n<p>Newtok, un pueblo de Alaska, se convirti\u00f3 en una de las primeras comunidades de Norteam\u00e9rica en ser desplazadas por el cambio clim\u00e1tico.<\/p>\n\n\n\n<p>Sus habitantes, la tribu&nbsp;<em>Yup&#8217;ik<\/em>, han visto c\u00f3mo su pueblo se desmoronaba poco a poco debido al deshielo del permafrost, y c\u00f3mo el agua lo invad\u00eda, hasta el punto de tener que mudarse.<\/p>\n\n\n\n<p>Desde 2019, han sido reubicados progresivamente en el nuevo pueblo de Mertarvik, que est\u00e1 a unos 15 km de distancia.&nbsp;&nbsp;&nbsp;&nbsp;&nbsp;&nbsp;&nbsp;&nbsp;&nbsp;&nbsp;&nbsp;&nbsp;<\/p>\n\n\n\n<figure class=\"wp-block-image size-large\"><img decoding=\"async\" src=\"https:\/\/global.unitednations.entermediadb.net\/assets\/mediadb\/services\/module\/asset\/downloads\/preset\/Libraries\/Production+Library\/26-01-2022_USGS_Alaska.jpg\/image1024x768.jpg\" alt=\"\"\/><\/figure>\n\n\n\n<h2 class=\"wp-block-heading\" id=\"falta-de-visibilidad\">Falta de visibilidad<\/h2>\n\n\n\n<p>En Canad\u00e1, en septiembre de 2021, los habitantes de Tuktoyaktuk fueron informados de que la protecci\u00f3n de su ciudad contra el cambio clim\u00e1tico costar\u00eda al menos 42 millones de d\u00f3lares y que cualquier medida de protecci\u00f3n solo podr\u00eda &#8220;garantizarse&#8221; hasta 2052.<\/p>\n\n\n\n<p>Una de las soluciones que proponen los ingenieros es colocar capas de aislamiento de espuma de poliestireno y geotextil para proteger el permafrost del aumento de las temperaturas y salvar as\u00ed la costa; entre muchas otras propuestas.<\/p>\n\n\n\n<p>Tuktoyaktuk se est\u00e1 erosionando en una media de dos metros por a\u00f1o. Al ritmo actual, la isla habr\u00e1 desaparecido por completo en 2050, a menos que se apliquen medidas de mitigaci\u00f3n. Otras comunidades norteamericanas y siberianas podr\u00edan sufrir un destino similar.<\/p>\n\n\n\n<p>Eriel Lugt y su gente son muy conscientes. Desde hace dos a\u00f1os, trabaja en un programa de vigilancia del clima en el que va con otros lugare\u00f1os a recoger muestras de la tierra y registrar cualquier cambio.<\/p>\n\n\n\n<p>&#8220;Personalmente, creo que&nbsp;<strong>si un n\u00famero suficiente de personas en todo el mundo supiera realmente cu\u00e1l es la situaci\u00f3n del cambio clim\u00e1tico y si los dirigentes le dieran m\u00e1s importancia, entonces se pondr\u00eda remedio<\/strong>&#8220;.<\/p>\n\n\n\n<p>Lugt y otros tres j\u00f3venes activistas inuit estuvieron presentes en la conferencia sobre el clima de la ONU (COP25), en 2020 d\u00f3nde compartieron c\u00f3mo su pueblo hace frente al cambio clim\u00e1tico, as\u00ed como el tr\u00e1iler de la pel\u00edcula&nbsp;<a href=\"https:\/\/youtu.be\/UFoYO-LYF4g\"><em>Happening to Us<\/em><\/a>, que hicieron en colaboraci\u00f3n con su Corporaci\u00f3n Comunitaria, as\u00ed como con cineastas y acad\u00e9micos canadienses.<\/p>\n\n\n\n<figure class=\"wp-block-image size-large\"><img decoding=\"async\" src=\"https:\/\/global.unitednations.entermediadb.net\/assets\/mediadb\/services\/module\/asset\/downloads\/preset\/assets\/2012\/11\/15995\/image1024x768.jpg\" alt=\"\"\/><\/figure>\n\n\n\n<h2 class=\"wp-block-heading\" id=\"existe-una-solucion\">\u00bfExiste una soluci\u00f3n?<\/h2>\n\n\n\n<p>La doctora Natali explica que, aunque en estos momentos no podemos revertir el deshielo del permafrost, ya que no ha comenzado. La clave para evitar lo peor es proponerse grandes metas.<\/p>\n\n\n\n<p>&#8220;Creo que incluso en nuestros escenarios m\u00e1s ambiciosos (para reducir las emisiones globales de carbono y el consiguiente calentamiento), vamos a&nbsp;<strong>perder probablemente el 25% de la superficie del permafrost<\/strong>; as\u00ed que parte del carbono que contiene se ir\u00e1 a parar a la atm\u00f3sfera. Pero esto es mucho mejor que otros escenarios menos ambiciosos que podr\u00edan llevarnos a un deshielo del 75 &#8220;, subraya.<\/p>\n\n\n\n<p>Para Sommerkorn, los encargados de la toma de decisiones desconocen en general los efectos a largo plazo de los cambios en la criosfera (zonas congeladas del planeta).<\/p>\n\n\n\n<p>&#8220;Estos cambios tienen una relaci\u00f3n directa con las metas para 2030. El panel de expertos sobre el clima (IPCC) lo dijo claramente: Tenemos que reducir las emisiones en un 50% para 2030 con respecto a los niveles de 2010 si queremos mantenernos por debajo de los 1,5\u00baC (calentamiento) sin sobrepasar los l\u00edmites, y&nbsp;<strong>la criosfera no nos permite el lujo de sobrepasar los l\u00edmites<\/strong>&#8230; Desencadenaremos umbrales de deshielo que no se pueden deshacer. Es muy, muy dif\u00edcil que los glaciares vuelvan a crecer. Es b\u00e1sicamente imposible revertir el permafrost una vez aumentan las temperaturas&#8221;.<\/p>\n\n\n\n<p>Sommerkorn explica que, si disminuimos las emisiones y las tasas de calentamiento, tambi\u00e9n reduciremos las tasas de deshielo y la subida del nivel del mar, al tiempo que se da m\u00e1s tiempo y m\u00e9todos a las personas para adaptarse.<\/p>\n\n\n\n<p>&#8220;Tenemos que tomar ahora decisiones urgentes cuando planificamos las infraestructuras, las ciudades, etc., y podemos hacerlo en las partes del mundo que cuentan con ayuda t\u00e9cnica y financiaci\u00f3n&#8230; Otras necesitan ayuda internacional para la financiaci\u00f3n de la adaptaci\u00f3n&#8221;, a\u00f1ade Sommerkorn.<\/p>\n\n\n\n<figure class=\"wp-block-image size-large\"><img decoding=\"async\" src=\"https:\/\/global.unitednations.entermediadb.net\/assets\/mediadb\/services\/module\/asset\/downloads\/preset\/Libraries\/Production+Library\/27-01-2022-permafrost-Martin-Sommerkorn.jpg\/image1024x768.jpg\" alt=\"\"\/><\/figure>\n\n\n\n<h2 class=\"wp-block-heading\" id=\"llamamiento-urgente-a-los-lideres-mundiales\">Llamamiento urgente a los l\u00edderes mundiales<\/h2>\n\n\n\n<p>El director de Conservaci\u00f3n del Fondo Mundial en favor de la Naturaleza (WWF) form\u00f3 parte de un grupo de cient\u00edficos y comunidades de las zonas polares y de monta\u00f1a que pidieron a los l\u00edderes de la COP26 que prestaran m\u00e1s atenci\u00f3n a las nefastas consecuencias mundiales de la p\u00e9rdida de glaciares y capas de hielo.<\/p>\n\n\n\n<p>&#8220;Durante demasiado tiempo, los elementos helados de nuestro planeta han estado ausentes del debate sobre el clima en la Convenci\u00f3n Marco de las Naciones Unidas sobre el Cambio Clim\u00e1tico (CMNUCC), a pesar de que su papel crucial en la determinaci\u00f3n del futuro de m\u00e1s de mil millones de personas y de nuestro clima es cada vez m\u00e1s evidente&#8221;, se\u00f1al\u00f3 entonces, pidiendo a los organizadores de la conferencia que crearan un espacio dedicado a debatir las medidas a tomar en respuesta a la crisis de la criosfera.<\/p>\n\n\n\n<p>Seg\u00fan la experta en permafrost, la doctora Natali, el hecho de obviar la importante retroalimentaci\u00f3n del sistema terrestre en la agenda, como los gases de efecto invernadero resultantes del deshielo del suelo congelado, hace casi imposible alcanzar el objetivo de los 1,5\u00baC del Acuerdo de Par\u00eds.<\/p>\n\n\n\n<p>&#8220;Ya es un gran reto conseguir que las naciones se comprometan y tomen medidas. Pero<strong>&nbsp;imaginemos por un momento que ni siquiera estamos apuntando al objetivo correcto, que es esencialmente lo que ocurre ahora. No estamos calculando correctamente, porque el permafrost no se contabiliza adecuada y completamente en los registros, y porque la gente no piensa en esto<\/strong>&#8220;, advierte.<\/p>\n\n\n\n<p>A\u00f1ade que, si bien no es posible controlar f\u00edsicamente las emisiones del permafrost en el suelo, s\u00ed se puede investigar cient\u00edficamente y poner esa informaci\u00f3n en manos del p\u00fablico y de los responsables pol\u00edticos.<\/p>\n\n\n\n<p>&#8220;Las medidas que tomamos en otros lugares tienen un efecto multiplicador, \u00bfverdad? Cuanto m\u00e1s reduzcamos las emisiones de los combustibles f\u00f3siles, m\u00e1s protegeremos los bosques&#8230; De esta forma tambi\u00e9n estamos reduciendo, a su vez, las emisiones que saldr\u00e1n del permafrost y el impacto en las comunidades del norte&#8221;, afirma.<\/p>\n\n\n\n<figure class=\"wp-block-image size-large\"><img decoding=\"async\" src=\"https:\/\/global.unitednations.entermediadb.net\/assets\/mediadb\/services\/module\/asset\/downloads\/preset\/Libraries\/Production+Library\/27-01-2022-permafrost-Russia-Siberia.jpg\/image1024x768.jpg\" alt=\"\"\/><\/figure>\n\n\n\n<h2 class=\"wp-block-heading\" id=\"no-es-solo-una-alerta-es-una-emergencia\">No es solo una alerta, es una emergencia<\/h2>\n\n\n\n<p>Los cient\u00edficos piden que se dedique un d\u00eda completo al tema durante la pr\u00f3xima ronda de conversaciones sobre el clima,<strong>&nbsp;en la pr\u00f3xima conferencia de la ONU, la COP27; un di\u00e1logo dedicado a la criosfera<\/strong>, con el fin de debatir los impactos y las consecuencias del cambio del paisaje con todos los l\u00edderes del mundo.<\/p>\n\n\n\n<p>&#8220;No basta con leerse los informes anteriores del IPCC y trasladar nuestra idea de que el deshielo de la criosfera y sus efectos en las regiones polares son una se\u00f1al de advertencia. No, en este momento ya no son un aviso, sino que&nbsp;<strong>son causantes del cambio clim\u00e1tico y de sus repercusiones a nivel mundial<\/strong>&#8220;, destaca Sommerkorn.<\/p>\n\n\n\n<p>Recuerda tambi\u00e9n que el en pre\u00e1mbulo del texto final de la COP26 dice que se debe garantizar la integridad de los ecosistemas, incluida la criosfera.Para el doctor Sommerkorn, Glasgow supuso para la posibilidad creciente de conseguir m\u00e1s contribuciones a trav\u00e9s del Acuerdo de Par\u00eds, y este paso hacia adelante debe aprovecharse para lograr la reducci\u00f3n del 50% de las emisiones para 2030.<\/p>\n\n\n\n<p>&#8220;Creo que el buena noticia es que realmente est\u00e1 en nuestras manos. En la COP26 conseguimos algunos avances en materia de buena gobernanza mundial. No todo es un desastre, pero debemos encontrar la manera de traducirlo en medidas urgentes. Y esa es la clave de la crisis de la criosfera&#8221;.<\/p>\n\n\n\n<p><em>*Los cient\u00edficos de Woodwell ayudaron a lanzar la Convenci\u00f3n Marco de las Naciones Unidas sobre el Cambio Clim\u00e1tico en 1992 y compartieron el Premio Nobel con el Grupo Intergubernamental de Expertos sobre el Cambio Clim\u00e1tico en 2007.<\/em><\/p>\n\n\n\n<figure class=\"wp-block-image size-full\"><a href=\"https:\/\/news.un.org\/es\/story\/2022\/01\/1503342?utm_source=Noticias+ONU+-+Bolet%C3%ADn&amp;utm_campaign=449003851b-EMAIL_CAMPAIGN_2022_02_01_01_00&amp;utm_medium=email&amp;utm_term=0_e7f6cb3d3c-449003851b-107915341\" target=\"_blank\" rel=\"noopener\"><img loading=\"lazy\" decoding=\"async\" width=\"928\" height=\"174\" src=\"http:\/\/nubesmgzdigital.com.ar\/wp-content\/uploads\/2022\/02\/Captura-web_1-2-2022_9299_news.un_.org_.jpeg\" alt=\"\" class=\"wp-image-9423\" srcset=\"https:\/\/nubesmgzdigital.com.ar\/wp-content\/uploads\/2022\/02\/Captura-web_1-2-2022_9299_news.un_.org_.jpeg 928w, https:\/\/nubesmgzdigital.com.ar\/wp-content\/uploads\/2022\/02\/Captura-web_1-2-2022_9299_news.un_.org_-300x56.jpeg 300w, https:\/\/nubesmgzdigital.com.ar\/wp-content\/uploads\/2022\/02\/Captura-web_1-2-2022_9299_news.un_.org_-768x144.jpeg 768w, https:\/\/nubesmgzdigital.com.ar\/wp-content\/uploads\/2022\/02\/Captura-web_1-2-2022_9299_news.un_.org_-696x131.jpeg 696w\" sizes=\"auto, (max-width: 928px) 100vw, 928px\" \/><\/a><\/figure>\n","protected":false},"excerpt":{"rendered":"<p>El permafrost de la Tierra se est\u00e1 descongelando, y las comunidades ind\u00edgenas del \u00c1rtico y cient\u00edficos de todo el mundo reclaman que esta alarmante p\u00e9rdida de hielo terrestre reciba la atenci\u00f3n mundial y la correspondiente investigaci\u00f3nq que merece. Este deshielo reconfigura los paisajes, desplaza a pueblos enteros y perturba los fr\u00e1giles h\u00e1bitats de los animales; [&hellip;]<\/p>\n","protected":false},"author":2,"featured_media":9424,"comment_status":"open","ping_status":"open","sticky":false,"template":"","format":"standard","meta":{"footnotes":""},"categories":[138],"tags":[],"class_list":["post-9422","post","type-post","status-publish","format-standard","has-post-thumbnail","hentry","category-medio-ambiente"],"post_mailing_queue_ids":[],"_links":{"self":[{"href":"https:\/\/nubesmgzdigital.com.ar\/index.php\/wp-json\/wp\/v2\/posts\/9422","targetHints":{"allow":["GET"]}}],"collection":[{"href":"https:\/\/nubesmgzdigital.com.ar\/index.php\/wp-json\/wp\/v2\/posts"}],"about":[{"href":"https:\/\/nubesmgzdigital.com.ar\/index.php\/wp-json\/wp\/v2\/types\/post"}],"author":[{"embeddable":true,"href":"https:\/\/nubesmgzdigital.com.ar\/index.php\/wp-json\/wp\/v2\/users\/2"}],"replies":[{"embeddable":true,"href":"https:\/\/nubesmgzdigital.com.ar\/index.php\/wp-json\/wp\/v2\/comments?post=9422"}],"version-history":[{"count":1,"href":"https:\/\/nubesmgzdigital.com.ar\/index.php\/wp-json\/wp\/v2\/posts\/9422\/revisions"}],"predecessor-version":[{"id":9425,"href":"https:\/\/nubesmgzdigital.com.ar\/index.php\/wp-json\/wp\/v2\/posts\/9422\/revisions\/9425"}],"wp:featuredmedia":[{"embeddable":true,"href":"https:\/\/nubesmgzdigital.com.ar\/index.php\/wp-json\/wp\/v2\/media\/9424"}],"wp:attachment":[{"href":"https:\/\/nubesmgzdigital.com.ar\/index.php\/wp-json\/wp\/v2\/media?parent=9422"}],"wp:term":[{"taxonomy":"category","embeddable":true,"href":"https:\/\/nubesmgzdigital.com.ar\/index.php\/wp-json\/wp\/v2\/categories?post=9422"},{"taxonomy":"post_tag","embeddable":true,"href":"https:\/\/nubesmgzdigital.com.ar\/index.php\/wp-json\/wp\/v2\/tags?post=9422"}],"curies":[{"name":"wp","href":"https:\/\/api.w.org\/{rel}","templated":true}]}}