{"id":9484,"date":"2022-02-10T11:55:07","date_gmt":"2022-02-10T14:55:07","guid":{"rendered":"https:\/\/nubesmgzdigital.com.ar\/?p=9484"},"modified":"2022-02-10T11:55:09","modified_gmt":"2022-02-10T14:55:09","slug":"buenos-aires-sera-sede-de-la-ufi-latam-conference-el-11-y-12-de-mayo","status":"publish","type":"post","link":"https:\/\/nubesmgzdigital.com.ar\/index.php\/2022\/02\/10\/buenos-aires-sera-sede-de-la-ufi-latam-conference-el-11-y-12-de-mayo\/","title":{"rendered":"Buenos Aires ser\u00e1 sede de la UFI LATAM Conference el 11 y 12 de mayo"},"content":{"rendered":"\n<h3 class=\"wp-block-heading\" id=\"el-evento-de-este-ano-ofrecera-a-los-participantes-una-combinacion-de-sesiones-magistrales-talleres-interactivos-y-oportunidades-para-establecer-contactos\">El evento de este a\u00f1o ofrecer\u00e1 a los participantes una combinaci\u00f3n de sesiones magistrales, talleres interactivos y oportunidades para establecer contactos<\/h3>\n\n\n\n<p>La conferencia para Am\u00e9rica Latina de UFI se llevar\u00e1 a cabo&nbsp;en formato prensencial en el CEC de Buenos Aires, Argentina.<\/p>\n\n\n\n<p>El evento, abierto a miembros y no miembros de UFI, re\u00fane a profesionales de la industria de toda la regi\u00f3n y m\u00e1s all\u00e1.&nbsp;Este a\u00f1o marca la segunda vez que se organiza en la regi\u00f3n luego de la conferencia en 2018 en la Ciudad de M\u00e9xico, donde participaron 125 profesionales de la industria.&nbsp;La iteraci\u00f3n de 2020 de la conferencia, que originalmente se plane\u00f3 para Buenos Aires, se pospuso debido a las restricciones de viaje de COVID-19, mientras que el evento de 2021 fue un formato solo digital.<\/p>\n\n\n\n<p>Durante los \u00faltimos cuatro a\u00f1os, UFI ha aumentado su reputaci\u00f3n y visibilidad en la regi\u00f3n gracias a una serie de actividades, como el lanzamiento de su primer informe de investigaci\u00f3n regional &#8216;La industria de exposiciones en Am\u00e9rica Latina&#8217;, la defensa de la industria en eventos regionales y el fomento sus miembros latinoamericanos a participar en los premios UFI (resultando ganadores regionales en 2019, 2020 y 2021).&nbsp;Todo esto ha ayudado a UFI a aumentar su membres\u00eda regional en un 25%.<\/p>\n\n\n\n<p>El evento de este a\u00f1o se llevar\u00e1 a cabo en el Centro de Convenciones de Buenos Aires, CEC, y ser\u00e1 parte de un s\u00f3lido proyecto que tiene como objetivo promover Argentina y Buenos Aires como destinos MICE destacados.&nbsp;Para apoyar esto, el anfitri\u00f3n AOCA est\u00e1 coorganizando la Semana MICE de Buenos Aires, junto con la Ciudad de Buenos Aires y el Ministerio de Comercio de Argentina.&nbsp;Esta celebraci\u00f3n de tres d\u00edas brinda la oportunidad de visitar el evento Meet Up Argentina e intercambiar ideas con colegas latinoamericanos de AOCA, AUDOCA, PCMA, MPI, COCAL y, por supuesto, UFI.<\/p>\n\n\n\n<p>La conferencia se ha convertido en uno de los encuentros de aprendizaje y networking m\u00e1s importantes de la industria de exposiciones en la regi\u00f3n.&nbsp;\u00a1El evento de este a\u00f1o ofrecer\u00e1 a los participantes una combinaci\u00f3n de sesiones magistrales, talleres interactivos y oportunidades para establecer contactos!<\/p>\n\n\n\n<p>Dirigido por Ana-Maria Arango, directora regional de UFI para Am\u00e9rica Latina, el programa contar\u00e1 con oradores y l\u00edderes de dentro y fuera de la industria, y ofrecer\u00e1 sesiones en ingl\u00e9s y espa\u00f1ol.<\/p>\n\n\n\n<p>\u201cCentr\u00e1ndonos en las oportunidades globales desde una perspectiva latinoamericana, hemos dise\u00f1ado un programa que prioriza el contenido rico y el di\u00e1logo de alta calidad entre los participantes, est\u00e1 alineado con los desaf\u00edos de la industria y brinda la oportunidad de divertirse\u201d, dice Ana de UFI. -Mar\u00eda Arango.<\/p>\n\n\n\n<p>Fernando Gorbar\u00e1n, CEO de Messe Frankfurt Argentina y presidente de AOCA, agrega: \u201cEs un honor para AOCA Argentina ser sede de la Conferencia UFI LATAM 2022. Estamos emocionados de reunir a cientos de expertos de todo el mundo y compartir noticias y tendencias. de nuestra industria.&nbsp;Como todos nos hemos estado preparando para lo que nos depare el futuro, ahora, m\u00e1s que nunca, podemos reforzar el mensaje de que 2022 ser\u00e1 el a\u00f1o en que reactivaremos nuestra industria, y entendemos que esto solo se puede lograr juntos\u201d.<\/p>\n\n\n\n<figure class=\"wp-block-image size-full is-resized\"><a href=\"https:\/\/es.travel2latam.com\/nota\/72613-eventos-buenos-aires-sera-sede-de-la-ufi-latam-conference-el-11-y-12-de-mayo.html\" target=\"_blank\" rel=\"noopener\"><img loading=\"lazy\" decoding=\"async\" src=\"http:\/\/nubesmgzdigital.com.ar\/wp-content\/uploads\/2021\/08\/travel2latam.logo_.gif\" alt=\"\" class=\"wp-image-7767\" width=\"245\" height=\"93\"\/><\/a><\/figure>\n","protected":false},"excerpt":{"rendered":"<p>El evento de este a\u00f1o ofrecer\u00e1 a los participantes una combinaci\u00f3n de sesiones magistrales, talleres interactivos y oportunidades para establecer contactos La conferencia para Am\u00e9rica Latina de UFI se llevar\u00e1 a cabo&nbsp;en formato prensencial en el CEC de Buenos Aires, Argentina. El evento, abierto a miembros y no miembros de UFI, re\u00fane a profesionales de [&hellip;]<\/p>\n","protected":false},"author":2,"featured_media":9485,"comment_status":"open","ping_status":"open","sticky":false,"template":"","format":"standard","meta":{"footnotes":""},"categories":[112,129],"tags":[],"class_list":["post-9484","post","type-post","status-publish","format-standard","has-post-thumbnail","hentry","category-eventos","category-sociales"],"post_mailing_queue_ids":[],"_links":{"self":[{"href":"https:\/\/nubesmgzdigital.com.ar\/index.php\/wp-json\/wp\/v2\/posts\/9484","targetHints":{"allow":["GET"]}}],"collection":[{"href":"https:\/\/nubesmgzdigital.com.ar\/index.php\/wp-json\/wp\/v2\/posts"}],"about":[{"href":"https:\/\/nubesmgzdigital.com.ar\/index.php\/wp-json\/wp\/v2\/types\/post"}],"author":[{"embeddable":true,"href":"https:\/\/nubesmgzdigital.com.ar\/index.php\/wp-json\/wp\/v2\/users\/2"}],"replies":[{"embeddable":true,"href":"https:\/\/nubesmgzdigital.com.ar\/index.php\/wp-json\/wp\/v2\/comments?post=9484"}],"version-history":[{"count":1,"href":"https:\/\/nubesmgzdigital.com.ar\/index.php\/wp-json\/wp\/v2\/posts\/9484\/revisions"}],"predecessor-version":[{"id":9486,"href":"https:\/\/nubesmgzdigital.com.ar\/index.php\/wp-json\/wp\/v2\/posts\/9484\/revisions\/9486"}],"wp:featuredmedia":[{"embeddable":true,"href":"https:\/\/nubesmgzdigital.com.ar\/index.php\/wp-json\/wp\/v2\/media\/9485"}],"wp:attachment":[{"href":"https:\/\/nubesmgzdigital.com.ar\/index.php\/wp-json\/wp\/v2\/media?parent=9484"}],"wp:term":[{"taxonomy":"category","embeddable":true,"href":"https:\/\/nubesmgzdigital.com.ar\/index.php\/wp-json\/wp\/v2\/categories?post=9484"},{"taxonomy":"post_tag","embeddable":true,"href":"https:\/\/nubesmgzdigital.com.ar\/index.php\/wp-json\/wp\/v2\/tags?post=9484"}],"curies":[{"name":"wp","href":"https:\/\/api.w.org\/{rel}","templated":true}]}}