{"id":9519,"date":"2022-02-15T14:16:08","date_gmt":"2022-02-15T17:16:08","guid":{"rendered":"https:\/\/nubesmgzdigital.com.ar\/?p=9519"},"modified":"2022-02-15T14:16:09","modified_gmt":"2022-02-15T17:16:09","slug":"los-lideres-del-turismo-llevan-a-la-practica-la-vision-de-la-omt","status":"publish","type":"post","link":"https:\/\/nubesmgzdigital.com.ar\/index.php\/2022\/02\/15\/los-lideres-del-turismo-llevan-a-la-practica-la-vision-de-la-omt\/","title":{"rendered":"LOS L\u00cdDERES DEL TURISMO LLEVAN A LA PR\u00c1CTICA LA VISI\u00d3N DE LA OMT"},"content":{"rendered":"\n<h4 class=\"wp-block-heading\" id=\"la-omt-ha-acogido-con-satisfaccion-el-compromiso-asumido-por-los-lideres-del-sector-turistico-en-la-cumbre-adventure-next-latin-america-para-reorientar-el-sector-hacia-una-mayor-resiliencia-y-sostenibilidad\"><em>La OMT ha acogido con satisfacci\u00f3n el compromiso asumido por los l\u00edderes del sector tur\u00edstico en la cumbre Adventure Next Latin America para reorientar el sector hacia una mayor resiliencia y sostenibilidad.<\/em><\/h4>\n\n\n\n<p>En este encuentro profesional del sector participaron los ministros de&nbsp;<strong>Turismo de Panam\u00e1<\/strong>,&nbsp;<strong>Colombia<\/strong>,&nbsp;<strong>Costa Rica<\/strong>,&nbsp;<strong>Ecuador<\/strong>,&nbsp;<strong>Guatemala&nbsp;<\/strong>y&nbsp;<strong>Honduras<\/strong>, junto con representantes de alto nivel de los gobiernos de&nbsp;<strong>Brasil&nbsp;<\/strong>y&nbsp;<strong>Jordania<\/strong>. A ellos se unieron los l\u00edderes del sector privado, reunidos por la&nbsp;<strong>Adventure Travel and Trade Association&nbsp;<\/strong>(ATTA).<\/p>\n\n\n\n<p>La cumbre culmin\u00f3 con la firma por todas las partes de la Declaraci\u00f3n: &#8220;<strong>Transformaci\u00f3n hacia el futuro del turismo<\/strong>&#8220;, un claro compromiso para actuar en relaci\u00f3n con el llamamiento de la OMT a que los sectores p\u00fablico y privado trabajen juntos y aprovechen la oportunidad de situar la sostenibilidad y la inclusi\u00f3n en el centro del reinicio y la recuperaci\u00f3n del turismo. La Declaraci\u00f3n afirma: &#8220;el futuro del turismo est\u00e1 en la colaboraci\u00f3n, y en poner la sabidur\u00eda ancestral de las comunidades locales e ind\u00edgenas y los m\u00e1s avanzados conocimientos cient\u00edficos y econ\u00f3micos al servicio de la custodia a largo plazo de unos ecosistemas integrados&#8221;.<\/p>\n\n\n\n<p>Al mismo tiempo, la Declaraci\u00f3n tambi\u00e9n deja claro el compromiso de los firmantes de avanzar en la &#8220;transformaci\u00f3n hacia una econom\u00eda tur\u00edstica neutra en carbono y m\u00e1s resiliente desde el punto de vista social&#8221;. En noviembre, Panam\u00e1 fue uno de los primeros signatarios de la&nbsp;<strong>Declaraci\u00f3n de Glasgow sobre la Acci\u00f3n Clim\u00e1tica en el Turismo<\/strong>, lanzada por la OMT en la COP26.<\/p>\n\n\n\n<figure class=\"wp-block-image size-large\"><a href=\"https:\/\/www.unwto.org\/es\/news\/los-lideres-del-turismo-llevan-a-la-practica-la-vision-de-la-omt?fbclid=IwAR35cwfHXNhxqkhMZ3085esqfEMxM_Jfa3PZAVoxt7gOErSVXt4zp_ccYvs\" target=\"_blank\" rel=\"noopener\"><img loading=\"lazy\" decoding=\"async\" width=\"1024\" height=\"89\" src=\"http:\/\/nubesmgzdigital.com.ar\/wp-content\/uploads\/2021\/07\/omt-Noticias-1024x89.jpg\" alt=\"\" class=\"wp-image-7333\" srcset=\"https:\/\/nubesmgzdigital.com.ar\/wp-content\/uploads\/2021\/07\/omt-Noticias-1024x89.jpg 1024w, https:\/\/nubesmgzdigital.com.ar\/wp-content\/uploads\/2021\/07\/omt-Noticias-300x26.jpg 300w, https:\/\/nubesmgzdigital.com.ar\/wp-content\/uploads\/2021\/07\/omt-Noticias-768x67.jpg 768w, https:\/\/nubesmgzdigital.com.ar\/wp-content\/uploads\/2021\/07\/omt-Noticias-1536x133.jpg 1536w, https:\/\/nubesmgzdigital.com.ar\/wp-content\/uploads\/2021\/07\/omt-Noticias-696x60.jpg 696w, https:\/\/nubesmgzdigital.com.ar\/wp-content\/uploads\/2021\/07\/omt-Noticias-1068x93.jpg 1068w, https:\/\/nubesmgzdigital.com.ar\/wp-content\/uploads\/2021\/07\/omt-Noticias.jpg 1568w\" sizes=\"auto, (max-width: 1024px) 100vw, 1024px\" \/><\/a><\/figure>\n","protected":false},"excerpt":{"rendered":"<p>La OMT ha acogido con satisfacci\u00f3n el compromiso asumido por los l\u00edderes del sector tur\u00edstico en la cumbre Adventure Next Latin America para reorientar el sector hacia una mayor resiliencia y sostenibilidad. En este encuentro profesional del sector participaron los ministros de&nbsp;Turismo de Panam\u00e1,&nbsp;Colombia,&nbsp;Costa Rica,&nbsp;Ecuador,&nbsp;Guatemala&nbsp;y&nbsp;Honduras, junto con representantes de alto nivel de los gobiernos de&nbsp;Brasil&nbsp;y&nbsp;Jordania. [&hellip;]<\/p>\n","protected":false},"author":2,"featured_media":9520,"comment_status":"open","ping_status":"open","sticky":false,"template":"","format":"standard","meta":{"footnotes":""},"categories":[113],"tags":[],"class_list":["post-9519","post","type-post","status-publish","format-standard","has-post-thumbnail","hentry","category-internacional"],"post_mailing_queue_ids":[],"_links":{"self":[{"href":"https:\/\/nubesmgzdigital.com.ar\/index.php\/wp-json\/wp\/v2\/posts\/9519","targetHints":{"allow":["GET"]}}],"collection":[{"href":"https:\/\/nubesmgzdigital.com.ar\/index.php\/wp-json\/wp\/v2\/posts"}],"about":[{"href":"https:\/\/nubesmgzdigital.com.ar\/index.php\/wp-json\/wp\/v2\/types\/post"}],"author":[{"embeddable":true,"href":"https:\/\/nubesmgzdigital.com.ar\/index.php\/wp-json\/wp\/v2\/users\/2"}],"replies":[{"embeddable":true,"href":"https:\/\/nubesmgzdigital.com.ar\/index.php\/wp-json\/wp\/v2\/comments?post=9519"}],"version-history":[{"count":1,"href":"https:\/\/nubesmgzdigital.com.ar\/index.php\/wp-json\/wp\/v2\/posts\/9519\/revisions"}],"predecessor-version":[{"id":9521,"href":"https:\/\/nubesmgzdigital.com.ar\/index.php\/wp-json\/wp\/v2\/posts\/9519\/revisions\/9521"}],"wp:featuredmedia":[{"embeddable":true,"href":"https:\/\/nubesmgzdigital.com.ar\/index.php\/wp-json\/wp\/v2\/media\/9520"}],"wp:attachment":[{"href":"https:\/\/nubesmgzdigital.com.ar\/index.php\/wp-json\/wp\/v2\/media?parent=9519"}],"wp:term":[{"taxonomy":"category","embeddable":true,"href":"https:\/\/nubesmgzdigital.com.ar\/index.php\/wp-json\/wp\/v2\/categories?post=9519"},{"taxonomy":"post_tag","embeddable":true,"href":"https:\/\/nubesmgzdigital.com.ar\/index.php\/wp-json\/wp\/v2\/tags?post=9519"}],"curies":[{"name":"wp","href":"https:\/\/api.w.org\/{rel}","templated":true}]}}