{"id":9529,"date":"2022-02-16T14:05:55","date_gmt":"2022-02-16T17:05:55","guid":{"rendered":"https:\/\/nubesmgzdigital.com.ar\/?p=9529"},"modified":"2022-02-16T14:05:56","modified_gmt":"2022-02-16T17:05:56","slug":"cordoba-los-lugares-elegidos-por-los-fanaticos-de-los-deportes-acuaticos","status":"publish","type":"post","link":"https:\/\/nubesmgzdigital.com.ar\/index.php\/2022\/02\/16\/cordoba-los-lugares-elegidos-por-los-fanaticos-de-los-deportes-acuaticos\/","title":{"rendered":"C\u00f3rdoba: los lugares elegidos por los fan\u00e1ticos de los deportes acu\u00e1ticos"},"content":{"rendered":"\n<h4 class=\"wp-block-heading\" id=\"que-deportes-acuaticos-se-pueden-practicar-en-la-provincia-de-cordoba-donde-encontrarlos-ciudades-y-puntos-alejados-del-circuito-turistico-tres-opciones-ideales-para-escapar-del-calor-y-disfrutar-de-la-naturaleza\"><em>Qu\u00e9 deportes acu\u00e1ticos se pueden practicar en la provincia de C\u00f3rdoba. D\u00f3nde encontrarlos: ciudades y puntos alejados del circuito tur\u00edstico. Tres opciones ideales para escapar del calor y disfrutar de la naturaleza.<\/em><\/h4>\n\n\n\n<p>Los paisajes serranos de C\u00f3rdoba se prestan para descansar, respirar aire puro o simplemente disfrutar de vistas \u00fanicas. Los viajeros tambi\u00e9n aprovechan para sumarse a expediciones en la naturaleza, se trate de caminatas serenas o ascensos desafiantes. La provincia brinda todo tipo de opciones y entre ellas no faltan las propuestas acu\u00e1ticas.<\/p>\n\n\n\n<p><strong>Jet-ski<\/strong><\/p>\n\n\n\n<p>Adem\u00e1s de sus cerros y valles, C\u00f3rdoba cuenta con r\u00edos, lagos y otros vistosos cuerpos de agua ideales para practicar deportes.<\/p>\n\n\n\n<figure class=\"wp-block-gallery has-nested-images columns-default is-cropped wp-block-gallery-1 is-layout-flex wp-block-gallery-is-layout-flex\">\n<figure class=\"wp-block-image size-large\"><img loading=\"lazy\" decoding=\"async\" width=\"1024\" height=\"683\" data-id=\"9531\" src=\"https:\/\/nubesmgzdigital.com.ar\/wp-content\/uploads\/2022\/02\/Lago-San-Roque-2-1-1024x683.jpg\" alt=\"\" class=\"wp-image-9531\" srcset=\"https:\/\/nubesmgzdigital.com.ar\/wp-content\/uploads\/2022\/02\/Lago-San-Roque-2-1-1024x683.jpg 1024w, https:\/\/nubesmgzdigital.com.ar\/wp-content\/uploads\/2022\/02\/Lago-San-Roque-2-1-300x200.jpg 300w, https:\/\/nubesmgzdigital.com.ar\/wp-content\/uploads\/2022\/02\/Lago-San-Roque-2-1-768x512.jpg 768w, https:\/\/nubesmgzdigital.com.ar\/wp-content\/uploads\/2022\/02\/Lago-San-Roque-2-1-1536x1024.jpg 1536w, https:\/\/nubesmgzdigital.com.ar\/wp-content\/uploads\/2022\/02\/Lago-San-Roque-2-1-2048x1365.jpg 2048w, https:\/\/nubesmgzdigital.com.ar\/wp-content\/uploads\/2022\/02\/Lago-San-Roque-2-1-696x464.jpg 696w, https:\/\/nubesmgzdigital.com.ar\/wp-content\/uploads\/2022\/02\/Lago-San-Roque-2-1-1068x712.jpg 1068w, https:\/\/nubesmgzdigital.com.ar\/wp-content\/uploads\/2022\/02\/Lago-San-Roque-2-1-630x420.jpg 630w\" sizes=\"auto, (max-width: 1024px) 100vw, 1024px\" \/><\/figure>\n\n\n\n<figure class=\"wp-block-image size-large\"><img loading=\"lazy\" decoding=\"async\" width=\"1024\" height=\"680\" data-id=\"9532\" src=\"https:\/\/nubesmgzdigital.com.ar\/wp-content\/uploads\/2022\/02\/Calamuchita-1024x680.jpg\" alt=\"\" class=\"wp-image-9532\" srcset=\"https:\/\/nubesmgzdigital.com.ar\/wp-content\/uploads\/2022\/02\/Calamuchita-1024x680.jpg 1024w, https:\/\/nubesmgzdigital.com.ar\/wp-content\/uploads\/2022\/02\/Calamuchita-300x199.jpg 300w, https:\/\/nubesmgzdigital.com.ar\/wp-content\/uploads\/2022\/02\/Calamuchita-768x510.jpg 768w, https:\/\/nubesmgzdigital.com.ar\/wp-content\/uploads\/2022\/02\/Calamuchita-1536x1020.jpg 1536w, https:\/\/nubesmgzdigital.com.ar\/wp-content\/uploads\/2022\/02\/Calamuchita-2048x1360.jpg 2048w, https:\/\/nubesmgzdigital.com.ar\/wp-content\/uploads\/2022\/02\/Calamuchita-696x462.jpg 696w, https:\/\/nubesmgzdigital.com.ar\/wp-content\/uploads\/2022\/02\/Calamuchita-1068x709.jpg 1068w, https:\/\/nubesmgzdigital.com.ar\/wp-content\/uploads\/2022\/02\/Calamuchita-632x420.jpg 632w\" sizes=\"auto, (max-width: 1024px) 100vw, 1024px\" \/><\/figure>\n\n\n\n<figure class=\"wp-block-image size-large\"><img loading=\"lazy\" decoding=\"async\" width=\"1024\" height=\"339\" data-id=\"9533\" src=\"https:\/\/nubesmgzdigital.com.ar\/wp-content\/uploads\/2022\/02\/Windsurt-en-Embalse-1024x339.jpg\" alt=\"\" class=\"wp-image-9533\" srcset=\"https:\/\/nubesmgzdigital.com.ar\/wp-content\/uploads\/2022\/02\/Windsurt-en-Embalse-1024x339.jpg 1024w, https:\/\/nubesmgzdigital.com.ar\/wp-content\/uploads\/2022\/02\/Windsurt-en-Embalse-300x99.jpg 300w, https:\/\/nubesmgzdigital.com.ar\/wp-content\/uploads\/2022\/02\/Windsurt-en-Embalse-768x254.jpg 768w, https:\/\/nubesmgzdigital.com.ar\/wp-content\/uploads\/2022\/02\/Windsurt-en-Embalse-1536x508.jpg 1536w, https:\/\/nubesmgzdigital.com.ar\/wp-content\/uploads\/2022\/02\/Windsurt-en-Embalse-2048x678.jpg 2048w, https:\/\/nubesmgzdigital.com.ar\/wp-content\/uploads\/2022\/02\/Windsurt-en-Embalse-696x230.jpg 696w, https:\/\/nubesmgzdigital.com.ar\/wp-content\/uploads\/2022\/02\/Windsurt-en-Embalse-1068x353.jpg 1068w, https:\/\/nubesmgzdigital.com.ar\/wp-content\/uploads\/2022\/02\/Windsurt-en-Embalse-1269x420.jpg 1269w\" sizes=\"auto, (max-width: 1024px) 100vw, 1024px\" \/><\/figure>\n<\/figure>\n\n\n\n<p>Dentro de las disciplinas n\u00e1uticas, por ejemplo, el jet-ski se presenta como una alternativa atractiva para quienes buscan experiencias extremas.<\/p>\n\n\n\n<p>En C\u00f3rdoba, esta actividad moton\u00e1utica se puede realizar en el Dique San Roque, dentro del espejo de agua que acompa\u00f1a la silueta urbana de Villa Carlos Paz.<\/p>\n\n\n\n<p>Tambi\u00e9n existen opciones m\u00e1s alejadas del epicentro tur\u00edstico, como en Embalse, a 100 kil\u00f3metros de la capital provincial, o en Dique Los Molinos, de Potrero de Garay.<\/p>\n\n\n\n<p><strong>Kitesurf<\/strong><\/p>\n\n\n\n<p>Otra de las disciplinas que se practican en C\u00f3rdoba es el kitesurf, una actividad de inter\u00e9s tanto para quienes buscan desaf\u00edos como para curiosos que la descubren al pasar.<\/p>\n\n\n\n<p>Para participar de esta alternativa n\u00e1utica, se requiere de un &#8220;kite&#8221; o barrilete que tira al deportista por cuatro o cinco l\u00edneas que se sujetan al cuerpo mediante un arn\u00e9s.<\/p>\n\n\n\n<p>Una tabla completa el equipamiento y le permite a la persona deslizarse sobre el agua. En movimiento, el conjunto compone una secuencia de colorida singularidad.<\/p>\n\n\n\n<p>Es posible practicar kitesurf en Dique San Roque, Dique Los Molinos y Embalse, al igual que en el caso del jet-ski. Tambi\u00e9n se puede en Cruz del Eje y R\u00edo Cuarto.<\/p>\n\n\n\n<p><strong>Windsurf<\/strong><\/p>\n\n\n\n<p>El windsurf es una de las disciplinas de mayor reconocimiento y trayectoria dentro de las variantes n\u00e1uticas.<\/p>\n\n\n\n<p>En C\u00f3rdoba, contin\u00faa sumando adeptos entre quienes a\u00f1oran la simpleza de poder desplazarse sobre el agua con apenas una tabla y una vela.<\/p>\n\n\n\n<p>Esas caracter\u00edsticas hacen que este deporte pueda realizarse en distintos niveles de dificultad, a diferencia de otras opciones acu\u00e1ticas de acceso complejo para principiantes.<\/p>\n\n\n\n<p>Se puede disfrutar del windsurf en Lago San Roque, de Villa Carlos Paz; Lago Los Molinos, de Potrero de Garay y la localidad de Embalse.<\/p>\n\n\n\n<p><strong>Bonus: buceo libre<\/strong><\/p>\n\n\n\n<p>En C\u00f3rdoba existen diferentes lugares para practicar buceo libre, un deporte extremo que alimenta el esp\u00edritu de aquellas personas que prefieren las aventuras subacu\u00e1ticas.<\/p>\n\n\n\n<p>De ra\u00edces milenarias, tiene como principio la suspensi\u00f3n de la respiraci\u00f3n bajo el agua mientras se recorren diferentes distancias y se desciende a grandes profundidades.<\/p>\n\n\n\n<p>A esta actividad tambi\u00e9n se la conoce como freediving. Se puede practicar en destinos como Segunda Usina y Tercera Usina, de Calamuchita, o en la ciudad de Villa Carlos Paz.<\/p>\n\n\n\n<p>Adem\u00e1s es posible encontrarla en otros puntos como en la cuenca del Cerro Pelado, la localidad de Embalse y en Dique Piedras Moras, de la ciudad de Almafuerte.<\/p>\n\n\n\n<figure class=\"wp-block-gallery has-nested-images columns-default is-cropped wp-block-gallery-2 is-layout-flex wp-block-gallery-is-layout-flex\">\n<figure class=\"wp-block-image size-large\"><img loading=\"lazy\" decoding=\"async\" width=\"1024\" height=\"678\" data-id=\"9539\" src=\"https:\/\/nubesmgzdigital.com.ar\/wp-content\/uploads\/2022\/02\/2-Embalse_Cerro_Pelado-1024x678.jpg\" alt=\"\" class=\"wp-image-9539\" srcset=\"https:\/\/nubesmgzdigital.com.ar\/wp-content\/uploads\/2022\/02\/2-Embalse_Cerro_Pelado-1024x678.jpg 1024w, https:\/\/nubesmgzdigital.com.ar\/wp-content\/uploads\/2022\/02\/2-Embalse_Cerro_Pelado-300x199.jpg 300w, https:\/\/nubesmgzdigital.com.ar\/wp-content\/uploads\/2022\/02\/2-Embalse_Cerro_Pelado-768x509.jpg 768w, https:\/\/nubesmgzdigital.com.ar\/wp-content\/uploads\/2022\/02\/2-Embalse_Cerro_Pelado-696x461.jpg 696w, https:\/\/nubesmgzdigital.com.ar\/wp-content\/uploads\/2022\/02\/2-Embalse_Cerro_Pelado-1068x707.jpg 1068w, https:\/\/nubesmgzdigital.com.ar\/wp-content\/uploads\/2022\/02\/2-Embalse_Cerro_Pelado-634x420.jpg 634w, https:\/\/nubesmgzdigital.com.ar\/wp-content\/uploads\/2022\/02\/2-Embalse_Cerro_Pelado.jpg 1140w\" sizes=\"auto, (max-width: 1024px) 100vw, 1024px\" \/><\/figure>\n\n\n\n<figure class=\"wp-block-image size-large\"><img loading=\"lazy\" decoding=\"async\" width=\"1024\" height=\"485\" data-id=\"9538\" src=\"https:\/\/nubesmgzdigital.com.ar\/wp-content\/uploads\/2022\/02\/11-Embalse_Cerro_Pelado-1024x485.jpeg\" alt=\"\" class=\"wp-image-9538\" srcset=\"https:\/\/nubesmgzdigital.com.ar\/wp-content\/uploads\/2022\/02\/11-Embalse_Cerro_Pelado-1024x485.jpeg 1024w, https:\/\/nubesmgzdigital.com.ar\/wp-content\/uploads\/2022\/02\/11-Embalse_Cerro_Pelado-300x142.jpeg 300w, https:\/\/nubesmgzdigital.com.ar\/wp-content\/uploads\/2022\/02\/11-Embalse_Cerro_Pelado-768x364.jpeg 768w, https:\/\/nubesmgzdigital.com.ar\/wp-content\/uploads\/2022\/02\/11-Embalse_Cerro_Pelado-696x330.jpeg 696w, https:\/\/nubesmgzdigital.com.ar\/wp-content\/uploads\/2022\/02\/11-Embalse_Cerro_Pelado-886x420.jpeg 886w, https:\/\/nubesmgzdigital.com.ar\/wp-content\/uploads\/2022\/02\/11-Embalse_Cerro_Pelado.jpeg 1032w\" sizes=\"auto, (max-width: 1024px) 100vw, 1024px\" \/><\/figure>\n\n\n\n<figure class=\"wp-block-image size-large\"><img loading=\"lazy\" decoding=\"async\" width=\"1024\" height=\"682\" data-id=\"9540\" src=\"https:\/\/nubesmgzdigital.com.ar\/wp-content\/uploads\/2022\/02\/Balneario-Alma-Fuerte-3-1024x682.jpg\" alt=\"\" class=\"wp-image-9540\" srcset=\"https:\/\/nubesmgzdigital.com.ar\/wp-content\/uploads\/2022\/02\/Balneario-Alma-Fuerte-3-1024x682.jpg 1024w, https:\/\/nubesmgzdigital.com.ar\/wp-content\/uploads\/2022\/02\/Balneario-Alma-Fuerte-3-300x200.jpg 300w, https:\/\/nubesmgzdigital.com.ar\/wp-content\/uploads\/2022\/02\/Balneario-Alma-Fuerte-3-768x512.jpg 768w, https:\/\/nubesmgzdigital.com.ar\/wp-content\/uploads\/2022\/02\/Balneario-Alma-Fuerte-3-696x464.jpg 696w, https:\/\/nubesmgzdigital.com.ar\/wp-content\/uploads\/2022\/02\/Balneario-Alma-Fuerte-3-1068x712.jpg 1068w, https:\/\/nubesmgzdigital.com.ar\/wp-content\/uploads\/2022\/02\/Balneario-Alma-Fuerte-3-630x420.jpg 630w, https:\/\/nubesmgzdigital.com.ar\/wp-content\/uploads\/2022\/02\/Balneario-Alma-Fuerte-3.jpg 1280w\" sizes=\"auto, (max-width: 1024px) 100vw, 1024px\" \/><\/figure>\n\n\n\n<figure class=\"wp-block-image size-large\"><img loading=\"lazy\" decoding=\"async\" width=\"1024\" height=\"680\" data-id=\"9542\" src=\"https:\/\/nubesmgzdigital.com.ar\/wp-content\/uploads\/2022\/02\/Calamuchita-La-cumbrecita-1024x680.jpg\" alt=\"\" class=\"wp-image-9542\" srcset=\"https:\/\/nubesmgzdigital.com.ar\/wp-content\/uploads\/2022\/02\/Calamuchita-La-cumbrecita-1024x680.jpg 1024w, https:\/\/nubesmgzdigital.com.ar\/wp-content\/uploads\/2022\/02\/Calamuchita-La-cumbrecita-300x199.jpg 300w, https:\/\/nubesmgzdigital.com.ar\/wp-content\/uploads\/2022\/02\/Calamuchita-La-cumbrecita-768x510.jpg 768w, https:\/\/nubesmgzdigital.com.ar\/wp-content\/uploads\/2022\/02\/Calamuchita-La-cumbrecita-1536x1020.jpg 1536w, https:\/\/nubesmgzdigital.com.ar\/wp-content\/uploads\/2022\/02\/Calamuchita-La-cumbrecita-2048x1360.jpg 2048w, https:\/\/nubesmgzdigital.com.ar\/wp-content\/uploads\/2022\/02\/Calamuchita-La-cumbrecita-696x462.jpg 696w, https:\/\/nubesmgzdigital.com.ar\/wp-content\/uploads\/2022\/02\/Calamuchita-La-cumbrecita-1068x709.jpg 1068w, https:\/\/nubesmgzdigital.com.ar\/wp-content\/uploads\/2022\/02\/Calamuchita-La-cumbrecita-632x420.jpg 632w\" sizes=\"auto, (max-width: 1024px) 100vw, 1024px\" \/><\/figure>\n\n\n\n<figure class=\"wp-block-image size-large\"><img loading=\"lazy\" decoding=\"async\" width=\"1024\" height=\"681\" data-id=\"9536\" src=\"https:\/\/nubesmgzdigital.com.ar\/wp-content\/uploads\/2022\/02\/Calamuchita-Santa-rosa-1024x681.jpg\" alt=\"\" class=\"wp-image-9536\" srcset=\"https:\/\/nubesmgzdigital.com.ar\/wp-content\/uploads\/2022\/02\/Calamuchita-Santa-rosa-1024x681.jpg 1024w, https:\/\/nubesmgzdigital.com.ar\/wp-content\/uploads\/2022\/02\/Calamuchita-Santa-rosa-300x200.jpg 300w, https:\/\/nubesmgzdigital.com.ar\/wp-content\/uploads\/2022\/02\/Calamuchita-Santa-rosa-768x511.jpg 768w, https:\/\/nubesmgzdigital.com.ar\/wp-content\/uploads\/2022\/02\/Calamuchita-Santa-rosa-1536x1022.jpg 1536w, https:\/\/nubesmgzdigital.com.ar\/wp-content\/uploads\/2022\/02\/Calamuchita-Santa-rosa-696x463.jpg 696w, https:\/\/nubesmgzdigital.com.ar\/wp-content\/uploads\/2022\/02\/Calamuchita-Santa-rosa-1068x710.jpg 1068w, https:\/\/nubesmgzdigital.com.ar\/wp-content\/uploads\/2022\/02\/Calamuchita-Santa-rosa-631x420.jpg 631w, https:\/\/nubesmgzdigital.com.ar\/wp-content\/uploads\/2022\/02\/Calamuchita-Santa-rosa.jpg 1711w\" sizes=\"auto, (max-width: 1024px) 100vw, 1024px\" \/><\/figure>\n\n\n\n\n\n<figure class=\"wp-block-image size-large\"><img loading=\"lazy\" decoding=\"async\" width=\"1024\" height=\"681\" data-id=\"9543\" src=\"https:\/\/nubesmgzdigital.com.ar\/wp-content\/uploads\/2022\/02\/cruz-del-eje-2-1024x681.jpg\" alt=\"\" class=\"wp-image-9543\" srcset=\"https:\/\/nubesmgzdigital.com.ar\/wp-content\/uploads\/2022\/02\/cruz-del-eje-2-1024x681.jpg 1024w, https:\/\/nubesmgzdigital.com.ar\/wp-content\/uploads\/2022\/02\/cruz-del-eje-2-300x199.jpg 300w, https:\/\/nubesmgzdigital.com.ar\/wp-content\/uploads\/2022\/02\/cruz-del-eje-2-768x511.jpg 768w, https:\/\/nubesmgzdigital.com.ar\/wp-content\/uploads\/2022\/02\/cruz-del-eje-2-1536x1021.jpg 1536w, https:\/\/nubesmgzdigital.com.ar\/wp-content\/uploads\/2022\/02\/cruz-del-eje-2-2048x1362.jpg 2048w, https:\/\/nubesmgzdigital.com.ar\/wp-content\/uploads\/2022\/02\/cruz-del-eje-2-696x463.jpg 696w, https:\/\/nubesmgzdigital.com.ar\/wp-content\/uploads\/2022\/02\/cruz-del-eje-2-1068x710.jpg 1068w, https:\/\/nubesmgzdigital.com.ar\/wp-content\/uploads\/2022\/02\/cruz-del-eje-2-632x420.jpg 632w\" sizes=\"auto, (max-width: 1024px) 100vw, 1024px\" \/><\/figure>\n\n\n\n<figure class=\"wp-block-image size-large\"><img loading=\"lazy\" decoding=\"async\" width=\"1024\" height=\"576\" data-id=\"9544\" src=\"https:\/\/nubesmgzdigital.com.ar\/wp-content\/uploads\/2022\/02\/Dique-Piedras-Moras-1-1024x576.jpg\" alt=\"\" class=\"wp-image-9544\" srcset=\"https:\/\/nubesmgzdigital.com.ar\/wp-content\/uploads\/2022\/02\/Dique-Piedras-Moras-1-1024x576.jpg 1024w, https:\/\/nubesmgzdigital.com.ar\/wp-content\/uploads\/2022\/02\/Dique-Piedras-Moras-1-300x169.jpg 300w, https:\/\/nubesmgzdigital.com.ar\/wp-content\/uploads\/2022\/02\/Dique-Piedras-Moras-1-768x432.jpg 768w, https:\/\/nubesmgzdigital.com.ar\/wp-content\/uploads\/2022\/02\/Dique-Piedras-Moras-1-1536x864.jpg 1536w, https:\/\/nubesmgzdigital.com.ar\/wp-content\/uploads\/2022\/02\/Dique-Piedras-Moras-1-2048x1152.jpg 2048w, https:\/\/nubesmgzdigital.com.ar\/wp-content\/uploads\/2022\/02\/Dique-Piedras-Moras-1-696x392.jpg 696w, https:\/\/nubesmgzdigital.com.ar\/wp-content\/uploads\/2022\/02\/Dique-Piedras-Moras-1-1068x601.jpg 1068w, https:\/\/nubesmgzdigital.com.ar\/wp-content\/uploads\/2022\/02\/Dique-Piedras-Moras-1-747x420.jpg 747w\" sizes=\"auto, (max-width: 1024px) 100vw, 1024px\" \/><\/figure>\n\n\n\n<figure class=\"wp-block-image size-large\"><img loading=\"lazy\" decoding=\"async\" width=\"1024\" height=\"576\" data-id=\"9548\" src=\"https:\/\/nubesmgzdigital.com.ar\/wp-content\/uploads\/2022\/02\/Dique-Piedras-Moras-2-1024x576.jpg\" alt=\"\" class=\"wp-image-9548\" srcset=\"https:\/\/nubesmgzdigital.com.ar\/wp-content\/uploads\/2022\/02\/Dique-Piedras-Moras-2-1024x576.jpg 1024w, https:\/\/nubesmgzdigital.com.ar\/wp-content\/uploads\/2022\/02\/Dique-Piedras-Moras-2-300x169.jpg 300w, https:\/\/nubesmgzdigital.com.ar\/wp-content\/uploads\/2022\/02\/Dique-Piedras-Moras-2-768x432.jpg 768w, https:\/\/nubesmgzdigital.com.ar\/wp-content\/uploads\/2022\/02\/Dique-Piedras-Moras-2-1536x864.jpg 1536w, https:\/\/nubesmgzdigital.com.ar\/wp-content\/uploads\/2022\/02\/Dique-Piedras-Moras-2-2048x1152.jpg 2048w, https:\/\/nubesmgzdigital.com.ar\/wp-content\/uploads\/2022\/02\/Dique-Piedras-Moras-2-696x392.jpg 696w, https:\/\/nubesmgzdigital.com.ar\/wp-content\/uploads\/2022\/02\/Dique-Piedras-Moras-2-1068x601.jpg 1068w, https:\/\/nubesmgzdigital.com.ar\/wp-content\/uploads\/2022\/02\/Dique-Piedras-Moras-2-747x420.jpg 747w\" sizes=\"auto, (max-width: 1024px) 100vw, 1024px\" \/><\/figure>\n\n\n\n<figure class=\"wp-block-image size-large\"><img loading=\"lazy\" decoding=\"async\" width=\"1024\" height=\"576\" data-id=\"9535\" src=\"https:\/\/nubesmgzdigital.com.ar\/wp-content\/uploads\/2022\/02\/Dique-San-Roque-2-1024x576.jpg\" alt=\"\" class=\"wp-image-9535\" srcset=\"https:\/\/nubesmgzdigital.com.ar\/wp-content\/uploads\/2022\/02\/Dique-San-Roque-2-1024x576.jpg 1024w, https:\/\/nubesmgzdigital.com.ar\/wp-content\/uploads\/2022\/02\/Dique-San-Roque-2-300x169.jpg 300w, https:\/\/nubesmgzdigital.com.ar\/wp-content\/uploads\/2022\/02\/Dique-San-Roque-2-768x432.jpg 768w, https:\/\/nubesmgzdigital.com.ar\/wp-content\/uploads\/2022\/02\/Dique-San-Roque-2-696x392.jpg 696w, https:\/\/nubesmgzdigital.com.ar\/wp-content\/uploads\/2022\/02\/Dique-San-Roque-2-1068x601.jpg 1068w, https:\/\/nubesmgzdigital.com.ar\/wp-content\/uploads\/2022\/02\/Dique-San-Roque-2-747x420.jpg 747w, https:\/\/nubesmgzdigital.com.ar\/wp-content\/uploads\/2022\/02\/Dique-San-Roque-2.jpg 1280w\" sizes=\"auto, (max-width: 1024px) 100vw, 1024px\" \/><\/figure>\n\n\n\n<figure class=\"wp-block-image size-large\"><img loading=\"lazy\" decoding=\"async\" width=\"1024\" height=\"576\" data-id=\"9547\" src=\"https:\/\/nubesmgzdigital.com.ar\/wp-content\/uploads\/2022\/02\/Embalse-de-Rio-Tercero-2-1024x576.jpg\" alt=\"\" class=\"wp-image-9547\" srcset=\"https:\/\/nubesmgzdigital.com.ar\/wp-content\/uploads\/2022\/02\/Embalse-de-Rio-Tercero-2-1024x576.jpg 1024w, https:\/\/nubesmgzdigital.com.ar\/wp-content\/uploads\/2022\/02\/Embalse-de-Rio-Tercero-2-300x169.jpg 300w, https:\/\/nubesmgzdigital.com.ar\/wp-content\/uploads\/2022\/02\/Embalse-de-Rio-Tercero-2-768x432.jpg 768w, https:\/\/nubesmgzdigital.com.ar\/wp-content\/uploads\/2022\/02\/Embalse-de-Rio-Tercero-2-1536x864.jpg 1536w, https:\/\/nubesmgzdigital.com.ar\/wp-content\/uploads\/2022\/02\/Embalse-de-Rio-Tercero-2-2048x1152.jpg 2048w, https:\/\/nubesmgzdigital.com.ar\/wp-content\/uploads\/2022\/02\/Embalse-de-Rio-Tercero-2-696x392.jpg 696w, https:\/\/nubesmgzdigital.com.ar\/wp-content\/uploads\/2022\/02\/Embalse-de-Rio-Tercero-2-1068x601.jpg 1068w, https:\/\/nubesmgzdigital.com.ar\/wp-content\/uploads\/2022\/02\/Embalse-de-Rio-Tercero-2-747x420.jpg 747w\" sizes=\"auto, (max-width: 1024px) 100vw, 1024px\" \/><\/figure>\n\n\n\n<figure class=\"wp-block-image size-large\"><img loading=\"lazy\" decoding=\"async\" width=\"1024\" height=\"576\" data-id=\"9545\" src=\"https:\/\/nubesmgzdigital.com.ar\/wp-content\/uploads\/2022\/02\/Embalse-de-Rio-Tercero-4-1024x576.jpg\" alt=\"\" class=\"wp-image-9545\" srcset=\"https:\/\/nubesmgzdigital.com.ar\/wp-content\/uploads\/2022\/02\/Embalse-de-Rio-Tercero-4-1024x576.jpg 1024w, https:\/\/nubesmgzdigital.com.ar\/wp-content\/uploads\/2022\/02\/Embalse-de-Rio-Tercero-4-300x169.jpg 300w, https:\/\/nubesmgzdigital.com.ar\/wp-content\/uploads\/2022\/02\/Embalse-de-Rio-Tercero-4-768x432.jpg 768w, https:\/\/nubesmgzdigital.com.ar\/wp-content\/uploads\/2022\/02\/Embalse-de-Rio-Tercero-4-1536x864.jpg 1536w, https:\/\/nubesmgzdigital.com.ar\/wp-content\/uploads\/2022\/02\/Embalse-de-Rio-Tercero-4-2048x1152.jpg 2048w, https:\/\/nubesmgzdigital.com.ar\/wp-content\/uploads\/2022\/02\/Embalse-de-Rio-Tercero-4-696x392.jpg 696w, https:\/\/nubesmgzdigital.com.ar\/wp-content\/uploads\/2022\/02\/Embalse-de-Rio-Tercero-4-1068x601.jpg 1068w, https:\/\/nubesmgzdigital.com.ar\/wp-content\/uploads\/2022\/02\/Embalse-de-Rio-Tercero-4-747x420.jpg 747w\" sizes=\"auto, (max-width: 1024px) 100vw, 1024px\" \/><\/figure>\n\n\n\n<figure class=\"wp-block-image size-large\"><img loading=\"lazy\" decoding=\"async\" width=\"1024\" height=\"576\" data-id=\"9546\" src=\"https:\/\/nubesmgzdigital.com.ar\/wp-content\/uploads\/2022\/02\/Embalse-de-Rio-Tercero-5-1024x576.jpg\" alt=\"\" class=\"wp-image-9546\" srcset=\"https:\/\/nubesmgzdigital.com.ar\/wp-content\/uploads\/2022\/02\/Embalse-de-Rio-Tercero-5-1024x576.jpg 1024w, https:\/\/nubesmgzdigital.com.ar\/wp-content\/uploads\/2022\/02\/Embalse-de-Rio-Tercero-5-300x169.jpg 300w, https:\/\/nubesmgzdigital.com.ar\/wp-content\/uploads\/2022\/02\/Embalse-de-Rio-Tercero-5-768x432.jpg 768w, https:\/\/nubesmgzdigital.com.ar\/wp-content\/uploads\/2022\/02\/Embalse-de-Rio-Tercero-5-1536x864.jpg 1536w, https:\/\/nubesmgzdigital.com.ar\/wp-content\/uploads\/2022\/02\/Embalse-de-Rio-Tercero-5-2048x1152.jpg 2048w, https:\/\/nubesmgzdigital.com.ar\/wp-content\/uploads\/2022\/02\/Embalse-de-Rio-Tercero-5-696x392.jpg 696w, https:\/\/nubesmgzdigital.com.ar\/wp-content\/uploads\/2022\/02\/Embalse-de-Rio-Tercero-5-1068x601.jpg 1068w, https:\/\/nubesmgzdigital.com.ar\/wp-content\/uploads\/2022\/02\/Embalse-de-Rio-Tercero-5-747x420.jpg 747w\" sizes=\"auto, (max-width: 1024px) 100vw, 1024px\" \/><\/figure>\n\n\n\n\n\n\n\n<figure class=\"wp-block-image size-large\"><img loading=\"lazy\" decoding=\"async\" width=\"1024\" height=\"339\" data-id=\"9537\" src=\"https:\/\/nubesmgzdigital.com.ar\/wp-content\/uploads\/2022\/02\/Windsurt-en-Embalse-1-1024x339.jpg\" alt=\"\" class=\"wp-image-9537\" srcset=\"https:\/\/nubesmgzdigital.com.ar\/wp-content\/uploads\/2022\/02\/Windsurt-en-Embalse-1-1024x339.jpg 1024w, https:\/\/nubesmgzdigital.com.ar\/wp-content\/uploads\/2022\/02\/Windsurt-en-Embalse-1-300x99.jpg 300w, https:\/\/nubesmgzdigital.com.ar\/wp-content\/uploads\/2022\/02\/Windsurt-en-Embalse-1-768x254.jpg 768w, https:\/\/nubesmgzdigital.com.ar\/wp-content\/uploads\/2022\/02\/Windsurt-en-Embalse-1-1536x508.jpg 1536w, https:\/\/nubesmgzdigital.com.ar\/wp-content\/uploads\/2022\/02\/Windsurt-en-Embalse-1-2048x678.jpg 2048w, https:\/\/nubesmgzdigital.com.ar\/wp-content\/uploads\/2022\/02\/Windsurt-en-Embalse-1-696x230.jpg 696w, https:\/\/nubesmgzdigital.com.ar\/wp-content\/uploads\/2022\/02\/Windsurt-en-Embalse-1-1068x353.jpg 1068w, https:\/\/nubesmgzdigital.com.ar\/wp-content\/uploads\/2022\/02\/Windsurt-en-Embalse-1-1269x420.jpg 1269w\" sizes=\"auto, (max-width: 1024px) 100vw, 1024px\" \/><\/figure>\n<\/figure>\n","protected":false},"excerpt":{"rendered":"<p>Qu\u00e9 deportes acu\u00e1ticos se pueden practicar en la provincia de C\u00f3rdoba. D\u00f3nde encontrarlos: ciudades y puntos alejados del circuito tur\u00edstico. Tres opciones ideales para escapar del calor y disfrutar de la naturaleza. Los paisajes serranos de C\u00f3rdoba se prestan para descansar, respirar aire puro o simplemente disfrutar de vistas \u00fanicas. Los viajeros tambi\u00e9n aprovechan para [&hellip;]<\/p>\n","protected":false},"author":2,"featured_media":9550,"comment_status":"open","ping_status":"open","sticky":false,"template":"","format":"standard","meta":{"footnotes":""},"categories":[114],"tags":[],"class_list":["post-9529","post","type-post","status-publish","format-standard","has-post-thumbnail","hentry","category-turismo-destinos"],"post_mailing_queue_ids":[],"_links":{"self":[{"href":"https:\/\/nubesmgzdigital.com.ar\/index.php\/wp-json\/wp\/v2\/posts\/9529","targetHints":{"allow":["GET"]}}],"collection":[{"href":"https:\/\/nubesmgzdigital.com.ar\/index.php\/wp-json\/wp\/v2\/posts"}],"about":[{"href":"https:\/\/nubesmgzdigital.com.ar\/index.php\/wp-json\/wp\/v2\/types\/post"}],"author":[{"embeddable":true,"href":"https:\/\/nubesmgzdigital.com.ar\/index.php\/wp-json\/wp\/v2\/users\/2"}],"replies":[{"embeddable":true,"href":"https:\/\/nubesmgzdigital.com.ar\/index.php\/wp-json\/wp\/v2\/comments?post=9529"}],"version-history":[{"count":1,"href":"https:\/\/nubesmgzdigital.com.ar\/index.php\/wp-json\/wp\/v2\/posts\/9529\/revisions"}],"predecessor-version":[{"id":9551,"href":"https:\/\/nubesmgzdigital.com.ar\/index.php\/wp-json\/wp\/v2\/posts\/9529\/revisions\/9551"}],"wp:featuredmedia":[{"embeddable":true,"href":"https:\/\/nubesmgzdigital.com.ar\/index.php\/wp-json\/wp\/v2\/media\/9550"}],"wp:attachment":[{"href":"https:\/\/nubesmgzdigital.com.ar\/index.php\/wp-json\/wp\/v2\/media?parent=9529"}],"wp:term":[{"taxonomy":"category","embeddable":true,"href":"https:\/\/nubesmgzdigital.com.ar\/index.php\/wp-json\/wp\/v2\/categories?post=9529"},{"taxonomy":"post_tag","embeddable":true,"href":"https:\/\/nubesmgzdigital.com.ar\/index.php\/wp-json\/wp\/v2\/tags?post=9529"}],"curies":[{"name":"wp","href":"https:\/\/api.w.org\/{rel}","templated":true}]}}