{"id":9556,"date":"2022-02-17T11:43:53","date_gmt":"2022-02-17T14:43:53","guid":{"rendered":"https:\/\/nubesmgzdigital.com.ar\/?p=9556"},"modified":"2022-02-17T11:43:54","modified_gmt":"2022-02-17T14:43:54","slug":"la-temporada-de-verano-de-salta-se-destaca-a-nivel-nacional","status":"publish","type":"post","link":"https:\/\/nubesmgzdigital.com.ar\/index.php\/2022\/02\/17\/la-temporada-de-verano-de-salta-se-destaca-a-nivel-nacional\/","title":{"rendered":"La temporada de verano de Salta se destaca a nivel nacional"},"content":{"rendered":"\n<h3 class=\"wp-block-heading\" id=\"en-el-marco-de-la-48-edicion-de-la-iconica-serenata-a-cafayate-el-ministro-de-turismo-y-deportes-nacional-matias-lammens-y-su-par-provincial-mario-pena-mantuvieron-una-reunion-con-los-integrantes-del-consejo-asesor-de-turismo\">En el marco de la 48\u00b0 edici\u00f3n de la ic\u00f3nica \u201cSerenata a Cafayate\u201d el ministro de Turismo y Deportes nacional Mat\u00edas Lammens y su par provincial Mario Pe\u00f1a, mantuvieron una reuni\u00f3n con los integrantes del Consejo Asesor de Turismo.<\/h3>\n\n\n\n<p>Durante la visita a Cafayate del&nbsp;<strong>ministro de Turismo y Deportes de la Naci\u00f3n, Mat\u00edas Lammens,<\/strong>&nbsp;se evaluaron las estad\u00edsticas de lo que ha sido un enero hist\u00f3rico para la actividad y el buen ritmo que la industria contin\u00faa generando respecto a la temporada de verano.<\/p>\n\n\n\n<p>Al respecto, el funcionario nacional resalt\u00f3 el impacto econ\u00f3mico que el programa \u201cPre Viaje\u201d ha dejado en la provincia, el cual fue de m\u00e1s de $4100 millones. \u201cPreViaje extendi\u00f3 la temporada desde noviembre hasta marzo e incentiv\u00f3 a millones de argentinas y argentinos a descubrir maravillosos destinos como los que ofrece Salta. Estamos sintiendo un verano hist\u00f3rico en todo el pa\u00eds\u201d, se\u00f1al\u00f3.<\/p>\n\n\n\n<p>Enero ha sido un mes r\u00e9cord para el turismo en Salta con el registro de m\u00e1s de 225.113 turistas que recorrieron la provincia marcando un pernocte de 5,2 noches, marcando as\u00ed un hito en lo que refiere a las estad\u00edsticas para el sector.<\/p>\n\n\n\n<p>\u201cEstamos aqu\u00ed trabajando en equipo todos los sectores involucrados en la actividad tal y como nos pide el gobernador Gustavo S\u00e1enz. Sector privado, Naci\u00f3n, Provincia y municipios estamos avanzando en una l\u00f3gica de crecimiento y desarrollo que es compartida tambi\u00e9n por el ministro Lammens y su equipo\u201d, indic\u00f3 el&nbsp;<strong>ministro de Turismo de Salta, Mario Pe\u00f1a.<\/strong><\/p>\n\n\n\n<p>Y agreg\u00f3, \u201cvamos a seguir avanzando, Salta tiene que seguir creciendo y por eso apostamos a gestionar mayor infraestructura y m\u00e1s espacios de formaci\u00f3n, capacitaci\u00f3n y promoci\u00f3n con el objetivo de fortalecer la actividad en la provincia\u201d.<\/p>\n\n\n\n<p>Gustavo Di Mecola, presidente de la C\u00e1mara de Turismo de Salta, manifest\u00f3: \u201cestamos viviendo una temporada hist\u00f3rica y los niveles de reservas as\u00ed lo muestran, esto es resultado de un proceso din\u00e1mico, profesional y participativo que venimos llevando adelante los equipos del sector privado y por supuesto el p\u00fablico\u201d.<\/p>\n\n\n\n<p>En el encuentro con el Consejo Asesor se repasaron el proyecto de Ley de Inversiones Tur\u00edsticas con el objetivo de incrementar el porcentaje que la industria tiene en el contexto econ\u00f3mico nacional, planificaci\u00f3n en que el sector privado es clave.<\/p>\n\n\n\n<p>Participaron de la reuni\u00f3n la secretaria de Turismo, Nadia Loza, el subsecretario nacional de Relaciones Institucionales y Cooperaci\u00f3n Internacional, Leandro Balasini, el presidente de la C\u00e1mara Hotelera y Gastron\u00f3mica Freddy Soria, el presidente de Salta Conventions &amp; Visitors Bureau, Daniel Astorga, Mariana Farjat de AHT, Federico Ochoa titular de Adopta, Ra\u00fal Cedolini de ASAT y el coordinador log\u00edstico del ministerio de Turismo y Deportes, Jorge Mauger.<\/p>\n","protected":false},"excerpt":{"rendered":"<p>En el marco de la 48\u00b0 edici\u00f3n de la ic\u00f3nica \u201cSerenata a Cafayate\u201d el ministro de Turismo y Deportes nacional Mat\u00edas Lammens y su par provincial Mario Pe\u00f1a, mantuvieron una reuni\u00f3n con los integrantes del Consejo Asesor de Turismo. Durante la visita a Cafayate del&nbsp;ministro de Turismo y Deportes de la Naci\u00f3n, Mat\u00edas Lammens,&nbsp;se evaluaron [&hellip;]<\/p>\n","protected":false},"author":2,"featured_media":9557,"comment_status":"open","ping_status":"open","sticky":false,"template":"","format":"standard","meta":{"footnotes":""},"categories":[118],"tags":[],"class_list":["post-9556","post","type-post","status-publish","format-standard","has-post-thumbnail","hentry","category-noa"],"post_mailing_queue_ids":[],"_links":{"self":[{"href":"https:\/\/nubesmgzdigital.com.ar\/index.php\/wp-json\/wp\/v2\/posts\/9556","targetHints":{"allow":["GET"]}}],"collection":[{"href":"https:\/\/nubesmgzdigital.com.ar\/index.php\/wp-json\/wp\/v2\/posts"}],"about":[{"href":"https:\/\/nubesmgzdigital.com.ar\/index.php\/wp-json\/wp\/v2\/types\/post"}],"author":[{"embeddable":true,"href":"https:\/\/nubesmgzdigital.com.ar\/index.php\/wp-json\/wp\/v2\/users\/2"}],"replies":[{"embeddable":true,"href":"https:\/\/nubesmgzdigital.com.ar\/index.php\/wp-json\/wp\/v2\/comments?post=9556"}],"version-history":[{"count":1,"href":"https:\/\/nubesmgzdigital.com.ar\/index.php\/wp-json\/wp\/v2\/posts\/9556\/revisions"}],"predecessor-version":[{"id":9558,"href":"https:\/\/nubesmgzdigital.com.ar\/index.php\/wp-json\/wp\/v2\/posts\/9556\/revisions\/9558"}],"wp:featuredmedia":[{"embeddable":true,"href":"https:\/\/nubesmgzdigital.com.ar\/index.php\/wp-json\/wp\/v2\/media\/9557"}],"wp:attachment":[{"href":"https:\/\/nubesmgzdigital.com.ar\/index.php\/wp-json\/wp\/v2\/media?parent=9556"}],"wp:term":[{"taxonomy":"category","embeddable":true,"href":"https:\/\/nubesmgzdigital.com.ar\/index.php\/wp-json\/wp\/v2\/categories?post=9556"},{"taxonomy":"post_tag","embeddable":true,"href":"https:\/\/nubesmgzdigital.com.ar\/index.php\/wp-json\/wp\/v2\/tags?post=9556"}],"curies":[{"name":"wp","href":"https:\/\/api.w.org\/{rel}","templated":true}]}}