{"id":9610,"date":"2022-02-23T13:13:59","date_gmt":"2022-02-23T16:13:59","guid":{"rendered":"https:\/\/nubesmgzdigital.com.ar\/?p=9610"},"modified":"2022-02-23T13:14:00","modified_gmt":"2022-02-23T16:14:00","slug":"hoy-comienza-la-vitrina-turistica-de-anato","status":"publish","type":"post","link":"https:\/\/nubesmgzdigital.com.ar\/index.php\/2022\/02\/23\/hoy-comienza-la-vitrina-turistica-de-anato\/","title":{"rendered":"HOY COMIENZA LA VITRINA TUR\u00cdSTICA DE ANATO"},"content":{"rendered":"\n<h2 class=\"has-text-color wp-block-heading\" style=\"color:#646363\"><em>Hoy abre sus puertas la edici\u00f3n 2022\u00a0del gran evento del turismo colombiano que se realiza hasta el 25 de febrero en Bogot\u00e1<\/em><\/h2>\n\n\n\n<p>Llega la cita comercial que durante 40 versiones ininterrumpidas, le ha abierto las puertas a las alianzas entre empresarios del sector, para la creaci\u00f3n de nuevos productos y servicios, que podr\u00e1n disfrutar los viajeros en las pr\u00f3ximas temporadas vacacionales.<br><br>Con la presencia de m\u00e1s de 13.000 asistentes profesionales, la Vitrina Tur\u00edstica de ANATO 2022 congregar\u00e1 a gerentes, directores, adem\u00e1s de Agente y\/o asesores comerciales del sector, quienes expondr\u00e1n su oferta a los visitantes profesionales nacionales e internacionales. &nbsp;<br><br>\u201cLa realizaci\u00f3n de este evento es de gran importancia no solo para la industria de los viajes en el pa\u00eds, tambi\u00e9n la regi\u00f3n y el mundo, es un gran escenario para dinamizar los negocios y representa una agenda de trabajo muy intensa para quienes son part\u00edcipes. Estamos seguros que esta versi\u00f3n ser\u00e1 exitosa para todos\u201d, explic\u00f3 Paula Cort\u00e9s Calle, presidente ejecutiva de ANATO.<br><br>Para hacer m\u00e1s efectivas las reuniones, la Asociaci\u00f3n pone nuevamente a disposici\u00f3n de los expositores y visitantes, el Agendamiento de Citas Presencial, una herramienta que permitir\u00e1 a quienes ya tengan su registro aprobado, programar reuniones durante los d\u00edas del evento en aras de fortalecer sus contactos comerciales y optimizar sus tiempos. A la fecha, se han solicitado un total de 4.453 citas.&nbsp;<br><br>Cabe destacar que el Top 5 de los profesionales participantes en la Vitrina Tur\u00edstica pertenecen a empresas cuya actividad corresponde a Agencias de Viajes y Turismo (36%), Agencias de Viajes Operadoras (16%), Hotel o Cadena Hotelera (15%), Agencia de Viajes Mayorista (9%) y Organismo Oficial Nacional (6%).<\/p>\n\n\n\n<p>Actualidad del mercado<br>Teniendo en cuenta la paulatina recuperaci\u00f3n que ha venido mostrando el turismo, y en aras de conocer c\u00f3mo se est\u00e1n trasformando las tendencias del sector, ANATO realiz\u00f3 la 5\u00b0 Encuesta de Reactivaci\u00f3n a sus Agencias de Viajes, con la cual se analiz\u00f3 su nivel de operaci\u00f3n, la comercializaci\u00f3n de sus productos y servicios, adem\u00e1s del empleo.<br>Uno de los resultados que arroj\u00f3 el estudio es que, si bien en 2021, las Agencias de Viajes Asociadas reportaron una reactivaci\u00f3n en sus ventas del 62%, para 2022 esperan que alcance un 85%, frente a 2019.<br><br>\u201cLa pandemia ha tra\u00eddo nuevos desaf\u00edos para los empresarios, los cuales han sabido enfrentar fortaleciendo sus herramientas de profesionalismo y asesor\u00eda, para de esta forma hacerse cada vez m\u00e1s necesarias para los turistas al buscar en ellas orientaci\u00f3n en la preparaci\u00f3n de sus viajes\u201d, explic\u00f3 Paula Cort\u00e9s Calle, presidente ejecutiva de ANATO.<br><br>De cara a los segmentos que m\u00e1s comercializaron en 2021, las encuestadas revelaron que el corporativo alcanz\u00f3 un 55% de participaci\u00f3n, mientras que el vacacional obtuvo un 45%; Adem\u00e1s, los destinos nacionales tuvieron un 58% de participaci\u00f3n, y el 42% los internacionales, dejando entrever una mejor recuperaci\u00f3n para el mercado internacional para este a\u00f1o.<br><br>Cabe destacar que el empleo fue uno de los m\u00e1s afectados. Sin embargo, en 2021, se redujo en un 38% el n\u00famero de empleados en las Agencias de Viajes, Asociadas, estando el 93% trabajando a tiempo completo, 2% a medio tiempo y el 5% suspendido, lo que indica que a pesar de que el PAEF fue una herramienta de gran ayuda, aun queda camino por recorrer para recuperar los puestos perdidos.&nbsp;<br><br>\u201cEsta encuesta tambi\u00e9n nos mostr\u00f3 el gran inter\u00e9s que tienen las Agencias de Viajes por ser part\u00edcipes de la Vitrina Tur\u00edstica de ANATO, evento que realizaremos de manera presencial este 23, 24 y 25 de febrero en Bogot\u00e1, pues de acuerdo con el estudio, el 70% de los encuestados, estar\u00e1 presente en este importante evento para promocionar su portafolio de productos y servicios ante los dem\u00e1s asistentes, lo que redundar\u00e1 en alternativas para los viajeros en las pr\u00f3ximas temporadas vacacionales\u201d, concluy\u00f3 la dirigente gremial.<\/p>\n\n\n\n<figure class=\"wp-block-image size-full is-resized\"><a href=\"https:\/\/es.travel2latam.com\/nota\/72856-eventos-hoy-comienza-la-vitrina-turistica-de-anato.html\" target=\"_blank\" rel=\"noopener\"><img loading=\"lazy\" decoding=\"async\" src=\"http:\/\/nubesmgzdigital.com.ar\/wp-content\/uploads\/2021\/08\/travel2latam.logo_.gif\" alt=\"\" class=\"wp-image-7767\" width=\"152\" height=\"58\"\/><\/a><\/figure>\n","protected":false},"excerpt":{"rendered":"<p>Hoy abre sus puertas la edici\u00f3n 2022\u00a0del gran evento del turismo colombiano que se realiza hasta el 25 de febrero en Bogot\u00e1 Llega la cita comercial que durante 40 versiones ininterrumpidas, le ha abierto las puertas a las alianzas entre empresarios del sector, para la creaci\u00f3n de nuevos productos y servicios, que podr\u00e1n disfrutar los [&hellip;]<\/p>\n","protected":false},"author":2,"featured_media":9611,"comment_status":"open","ping_status":"open","sticky":false,"template":"","format":"standard","meta":{"footnotes":""},"categories":[113],"tags":[],"class_list":["post-9610","post","type-post","status-publish","format-standard","has-post-thumbnail","hentry","category-internacional"],"post_mailing_queue_ids":[],"_links":{"self":[{"href":"https:\/\/nubesmgzdigital.com.ar\/index.php\/wp-json\/wp\/v2\/posts\/9610","targetHints":{"allow":["GET"]}}],"collection":[{"href":"https:\/\/nubesmgzdigital.com.ar\/index.php\/wp-json\/wp\/v2\/posts"}],"about":[{"href":"https:\/\/nubesmgzdigital.com.ar\/index.php\/wp-json\/wp\/v2\/types\/post"}],"author":[{"embeddable":true,"href":"https:\/\/nubesmgzdigital.com.ar\/index.php\/wp-json\/wp\/v2\/users\/2"}],"replies":[{"embeddable":true,"href":"https:\/\/nubesmgzdigital.com.ar\/index.php\/wp-json\/wp\/v2\/comments?post=9610"}],"version-history":[{"count":1,"href":"https:\/\/nubesmgzdigital.com.ar\/index.php\/wp-json\/wp\/v2\/posts\/9610\/revisions"}],"predecessor-version":[{"id":9612,"href":"https:\/\/nubesmgzdigital.com.ar\/index.php\/wp-json\/wp\/v2\/posts\/9610\/revisions\/9612"}],"wp:featuredmedia":[{"embeddable":true,"href":"https:\/\/nubesmgzdigital.com.ar\/index.php\/wp-json\/wp\/v2\/media\/9611"}],"wp:attachment":[{"href":"https:\/\/nubesmgzdigital.com.ar\/index.php\/wp-json\/wp\/v2\/media?parent=9610"}],"wp:term":[{"taxonomy":"category","embeddable":true,"href":"https:\/\/nubesmgzdigital.com.ar\/index.php\/wp-json\/wp\/v2\/categories?post=9610"},{"taxonomy":"post_tag","embeddable":true,"href":"https:\/\/nubesmgzdigital.com.ar\/index.php\/wp-json\/wp\/v2\/tags?post=9610"}],"curies":[{"name":"wp","href":"https:\/\/api.w.org\/{rel}","templated":true}]}}