{"id":9709,"date":"2022-03-06T22:39:26","date_gmt":"2022-03-07T01:39:26","guid":{"rendered":"https:\/\/nubesmgzdigital.com.ar\/?p=9709"},"modified":"2022-03-06T22:39:27","modified_gmt":"2022-03-07T01:39:27","slug":"estado-verano-2022-acerco-politicas-publicas-a-lo-largo-y-ancho-del-pais","status":"publish","type":"post","link":"https:\/\/nubesmgzdigital.com.ar\/index.php\/2022\/03\/06\/estado-verano-2022-acerco-politicas-publicas-a-lo-largo-y-ancho-del-pais\/","title":{"rendered":"\u201cEstado Verano 2022\u201d acerc\u00f3 pol\u00edticas p\u00fablicas a lo largo y ancho del pa\u00eds"},"content":{"rendered":"\n<p><em>Durante casi dos meses se llevaron a cabo actividades art\u00edsticas, culturales y de promoci\u00f3n de la salud en destinos tur\u00edsticos de cinco provincias. Form\u00f3 parte del programa \u201cEl Estado en tu barrio\u201d, que coordin\u00f3 la planificaci\u00f3n de los eventos con organismos de gobiernos nacional y locales.<\/em><\/p>\n\n\n\n<p>Presentaciones de artistas populares, actividades culturales y recreativas para las infancias y juventudes, y acciones de concientizaci\u00f3n para el cuidado integral de la salud formaron parte del&nbsp;<strong>\u201cEstado Verano 2022\u201d<\/strong>, una estrategia de abordaje territorial e interministerial del Gobierno nacional que, bajo la coordinaci\u00f3n de la&nbsp;<strong>Jefatura de Gabinete de Ministros<\/strong>&nbsp;con los gobiernos provinciales y municipales, llev\u00f3 a cabo el programa&nbsp;<strong>\u201cEl Estado en tu barrio\u201d<\/strong>&nbsp;entre enero y febrero pasado en destinos tur\u00edsticos de cinco provincias.<\/p>\n\n\n\n<p><strong>Villa Gesell, Mar Chiquita&nbsp;<\/strong>y el&nbsp;<strong>Partido de la Costa<\/strong>&nbsp;(Buenos Aires);<strong>&nbsp;El Cadillal&nbsp;<\/strong>y<strong>&nbsp;Taf\u00ed Viejo<\/strong>&nbsp;(Tucum\u00e1n);&nbsp;<strong>Posadas&nbsp;<\/strong>(Misiones);&nbsp;<strong>Gualeguaych\u00fa<\/strong>&nbsp;(Entre R\u00edos); y&nbsp;<strong>Las Grutas<\/strong>&nbsp;(R\u00edo Negro) fueron las ciudades tur\u00edsticas elegidas para, adem\u00e1s,&nbsp;<strong>promover tareas de cuidado del medio ambiente, de prevenci\u00f3n y cuidado con relaci\u00f3n al consumo problem\u00e1tico de sustancias e instancias de concientizaci\u00f3n en materia de educaci\u00f3n vial<\/strong>, entre otras iniciativas.<\/p>\n\n\n\n<p>\u201c<strong>Estado Verano 2022\u201d<\/strong>&nbsp;busc\u00f3 acompa\u00f1ar a las y los argentinos no solo en los barrios donde habitan, sino tambi\u00e9n durante sus vacaciones y momentos de esparcimiento en otros lugares del pa\u00eds.<\/p>\n\n\n\n<p>\u201c<strong>Durante las vacaciones procuramos que la presencia del Estado incluyera propuestas culturales e interactivas, adem\u00e1s de la posibilidad de llevar a cabo tr\u00e1mites y gestiones administrativas<\/strong>\u201d, explic\u00f3&nbsp;<strong>Juan Manuel Vila<\/strong>, subsecretario a cargo de \u201c<strong>El Estado en tu barrio<\/strong>\u201d.<\/p>\n\n\n\n<p>Las actividades que fueron programadas se llevaron a cabo \u201c<strong>en coordinaci\u00f3n con los gobiernos provinciales y municipales, a quienes desde el Estado nacional buscamos complementar en sus propuestas tur\u00edsticas<\/strong>&#8220;, coment\u00f3&nbsp;<strong>Vila<\/strong>.<\/p>\n\n\n\n<p><strong>\u00bfQu\u00e9 es el Estado en tu barrio?<\/strong><\/p>\n\n\n\n<p>El programa&nbsp;<strong>\u201cEl Estado en tu barrio\u201d<\/strong>&nbsp;es una iniciativa impulsada y liderada por el Gobierno nacional con sus entes y ministerios, coordinado por la *Jefatura de Gabinete de Ministros* con los gobiernos provinciales y municipales. Entre sus funciones est\u00e1n las de acercar servicios y prestaciones del Estado a cada rinc\u00f3n del pa\u00eds para que cada habitante pueda hacer tr\u00e1mites cerca de su casa, en un mismo lugar, de forma gratuita y en menos tiempo.<\/p>\n\n\n\n<p>Para eso, se despliegan distintas acciones territoriales, en articulaci\u00f3n con organismos nacionales y locales, que facilitan el acceso a tr\u00e1mites, prestaciones de salud, asesoramiento jur\u00eddico, capacitaciones, actividades culturales, deportivas y ferias de productos populares.<\/p>\n\n\n\n<p>Con motivo de *\u201cEstado Verano 2022\u201d* se realizaron, entre el s\u00e1bado 8 de enero y el domingo 27 de febrero, espect\u00e1culos con m\u00e1s de<strong>&nbsp;<\/strong>500 artistas en escena. Tambi\u00e9n hubo m\u00fasica en vivo, espect\u00e1culos de lucha libre, circenses y callejeros, baile, talleres, cine, DJs, clases de Seguridad Vial para ni\u00f1as y ni\u00f1os, magia, t\u00edteres, shows de humor e imitaciones.<\/p>\n\n\n\n<p>En tanto, camiones sanitarios recorrieron distintas localidades para fortalecer la vacunaci\u00f3n nacional de vacunaci\u00f3n contra COVID-19 (1\u00b0, 2\u00b0 y 3\u00b0 dosis) y aplicar vacunas del Calendario Nacional, ambas sin turno previo.<\/p>\n\n\n\n<p>Los vacunatorios m\u00f3viles llegaron as\u00ed a las localidades tucumanas de Leales, San Miguel, Los Pocitos, El Caldillal, Taf\u00ed Viejo, Ranchillos, Taco Ralo, Lamadrid, La Florida, El Mollar y Taf\u00ed del Valle; como tambi\u00e9n a Posadas, Ober\u00e1, San Vicente, Fracran, San Pedro, Tobuna, Pozo Azul, Piray, 9 de julio, Santiago de Liniers, Eldorado, Colonia Delicia, Puerto Iguaz\u00fa y Puerto Libertad, en *Misiones*.&nbsp;<\/p>\n\n\n\n<p><br>A partir de marzo, por su parte, volvieron a funcionar los operativos interministeriales del programa&nbsp;<strong>\u201cEl Estado en tu barrio\u201d<\/strong>&nbsp;en el \u00c1rea Metropolitana de Buenos Aires (AMBA) y en diferentes provincias del pa\u00eds, donde camiones vacunatorios visitar\u00e1n localidades rurales o aisladas de los centros urbanos para continuar la atenci\u00f3n m\u00e9dica de las y los argentinos.<\/p>\n\n\n\n<figure class=\"wp-block-gallery has-nested-images columns-default is-cropped wp-block-gallery-1 is-layout-flex wp-block-gallery-is-layout-flex\">\n<figure class=\"wp-block-image size-large\"><img loading=\"lazy\" decoding=\"async\" width=\"987\" height=\"567\" data-id=\"9711\" src=\"https:\/\/nubesmgzdigital.com.ar\/wp-content\/uploads\/2022\/03\/Estado-en-tu-Barrio3.jpg\" alt=\"\" class=\"wp-image-9711\" srcset=\"https:\/\/nubesmgzdigital.com.ar\/wp-content\/uploads\/2022\/03\/Estado-en-tu-Barrio3.jpg 987w, https:\/\/nubesmgzdigital.com.ar\/wp-content\/uploads\/2022\/03\/Estado-en-tu-Barrio3-300x172.jpg 300w, https:\/\/nubesmgzdigital.com.ar\/wp-content\/uploads\/2022\/03\/Estado-en-tu-Barrio3-768x441.jpg 768w, https:\/\/nubesmgzdigital.com.ar\/wp-content\/uploads\/2022\/03\/Estado-en-tu-Barrio3-696x400.jpg 696w, https:\/\/nubesmgzdigital.com.ar\/wp-content\/uploads\/2022\/03\/Estado-en-tu-Barrio3-731x420.jpg 731w\" sizes=\"auto, (max-width: 987px) 100vw, 987px\" \/><\/figure>\n\n\n\n<figure class=\"wp-block-image size-large\"><img loading=\"lazy\" decoding=\"async\" width=\"1024\" height=\"768\" data-id=\"9710\" src=\"https:\/\/nubesmgzdigital.com.ar\/wp-content\/uploads\/2022\/03\/Estado-en-tu-Barrio5-1024x768.jpg\" alt=\"\" class=\"wp-image-9710\" srcset=\"https:\/\/nubesmgzdigital.com.ar\/wp-content\/uploads\/2022\/03\/Estado-en-tu-Barrio5-1024x768.jpg 1024w, https:\/\/nubesmgzdigital.com.ar\/wp-content\/uploads\/2022\/03\/Estado-en-tu-Barrio5-300x225.jpg 300w, https:\/\/nubesmgzdigital.com.ar\/wp-content\/uploads\/2022\/03\/Estado-en-tu-Barrio5-768x576.jpg 768w, https:\/\/nubesmgzdigital.com.ar\/wp-content\/uploads\/2022\/03\/Estado-en-tu-Barrio5-80x60.jpg 80w, https:\/\/nubesmgzdigital.com.ar\/wp-content\/uploads\/2022\/03\/Estado-en-tu-Barrio5-265x198.jpg 265w, https:\/\/nubesmgzdigital.com.ar\/wp-content\/uploads\/2022\/03\/Estado-en-tu-Barrio5-696x522.jpg 696w, https:\/\/nubesmgzdigital.com.ar\/wp-content\/uploads\/2022\/03\/Estado-en-tu-Barrio5-560x420.jpg 560w, https:\/\/nubesmgzdigital.com.ar\/wp-content\/uploads\/2022\/03\/Estado-en-tu-Barrio5.jpg 1040w\" sizes=\"auto, (max-width: 1024px) 100vw, 1024px\" \/><\/figure>\n\n\n\n<figure class=\"wp-block-image size-large\"><img loading=\"lazy\" decoding=\"async\" width=\"1024\" height=\"819\" data-id=\"9712\" src=\"https:\/\/nubesmgzdigital.com.ar\/wp-content\/uploads\/2022\/03\/Estado-en-tu-Barrio4-1024x819.jpg\" alt=\"\" class=\"wp-image-9712\" srcset=\"https:\/\/nubesmgzdigital.com.ar\/wp-content\/uploads\/2022\/03\/Estado-en-tu-Barrio4-1024x819.jpg 1024w, https:\/\/nubesmgzdigital.com.ar\/wp-content\/uploads\/2022\/03\/Estado-en-tu-Barrio4-300x240.jpg 300w, https:\/\/nubesmgzdigital.com.ar\/wp-content\/uploads\/2022\/03\/Estado-en-tu-Barrio4-768x614.jpg 768w, https:\/\/nubesmgzdigital.com.ar\/wp-content\/uploads\/2022\/03\/Estado-en-tu-Barrio4-1536x1229.jpg 1536w, https:\/\/nubesmgzdigital.com.ar\/wp-content\/uploads\/2022\/03\/Estado-en-tu-Barrio4-2048x1638.jpg 2048w, https:\/\/nubesmgzdigital.com.ar\/wp-content\/uploads\/2022\/03\/Estado-en-tu-Barrio4-696x557.jpg 696w, https:\/\/nubesmgzdigital.com.ar\/wp-content\/uploads\/2022\/03\/Estado-en-tu-Barrio4-1068x854.jpg 1068w, https:\/\/nubesmgzdigital.com.ar\/wp-content\/uploads\/2022\/03\/Estado-en-tu-Barrio4-525x420.jpg 525w\" sizes=\"auto, (max-width: 1024px) 100vw, 1024px\" \/><\/figure>\n<\/figure>\n","protected":false},"excerpt":{"rendered":"<p>Durante casi dos meses se llevaron a cabo actividades art\u00edsticas, culturales y de promoci\u00f3n de la salud en destinos tur\u00edsticos de cinco provincias. Form\u00f3 parte del programa \u201cEl Estado en tu barrio\u201d, que coordin\u00f3 la planificaci\u00f3n de los eventos con organismos de gobiernos nacional y locales. Presentaciones de artistas populares, actividades culturales y recreativas para [&hellip;]<\/p>\n","protected":false},"author":2,"featured_media":9712,"comment_status":"open","ping_status":"open","sticky":false,"template":"","format":"standard","meta":{"footnotes":""},"categories":[111],"tags":[],"class_list":["post-9709","post","type-post","status-publish","format-standard","has-post-thumbnail","hentry","category-nacional"],"post_mailing_queue_ids":[],"_links":{"self":[{"href":"https:\/\/nubesmgzdigital.com.ar\/index.php\/wp-json\/wp\/v2\/posts\/9709","targetHints":{"allow":["GET"]}}],"collection":[{"href":"https:\/\/nubesmgzdigital.com.ar\/index.php\/wp-json\/wp\/v2\/posts"}],"about":[{"href":"https:\/\/nubesmgzdigital.com.ar\/index.php\/wp-json\/wp\/v2\/types\/post"}],"author":[{"embeddable":true,"href":"https:\/\/nubesmgzdigital.com.ar\/index.php\/wp-json\/wp\/v2\/users\/2"}],"replies":[{"embeddable":true,"href":"https:\/\/nubesmgzdigital.com.ar\/index.php\/wp-json\/wp\/v2\/comments?post=9709"}],"version-history":[{"count":1,"href":"https:\/\/nubesmgzdigital.com.ar\/index.php\/wp-json\/wp\/v2\/posts\/9709\/revisions"}],"predecessor-version":[{"id":9713,"href":"https:\/\/nubesmgzdigital.com.ar\/index.php\/wp-json\/wp\/v2\/posts\/9709\/revisions\/9713"}],"wp:featuredmedia":[{"embeddable":true,"href":"https:\/\/nubesmgzdigital.com.ar\/index.php\/wp-json\/wp\/v2\/media\/9712"}],"wp:attachment":[{"href":"https:\/\/nubesmgzdigital.com.ar\/index.php\/wp-json\/wp\/v2\/media?parent=9709"}],"wp:term":[{"taxonomy":"category","embeddable":true,"href":"https:\/\/nubesmgzdigital.com.ar\/index.php\/wp-json\/wp\/v2\/categories?post=9709"},{"taxonomy":"post_tag","embeddable":true,"href":"https:\/\/nubesmgzdigital.com.ar\/index.php\/wp-json\/wp\/v2\/tags?post=9709"}],"curies":[{"name":"wp","href":"https:\/\/api.w.org\/{rel}","templated":true}]}}